
{"id":390,"date":"2001-01-26T00:00:00","date_gmt":"2001-01-26T00:00:00","guid":{"rendered":"https:\/\/www.tnsglobal.pl\/archiwumraportow\/2001\/01\/26\/preferencje-partyjne-w-koncu-stycznia-2001-r\/"},"modified":"2001-01-26T00:00:00","modified_gmt":"2001-01-26T00:00:00","slug":"preferencje-partyjne-w-koncu-stycznia-2001-r","status":"publish","type":"post","link":"https:\/\/public.kantarpolska.com\/archiwumraportow\/2001\/01\/26\/preferencje-partyjne-w-koncu-stycznia-2001-r\/","title":{"rendered":"Preferencje partyjne w ko\u0144cu stycznia 2001 r."},"content":{"rendered":"<p>W ostatni weekend stycznia &#8211; ju\u017c po powo\u0142aniu Platformy Obywatelskiej przez Andrzeja Olechowskiego, Macieja P\u0142a\u017cy\u0144skiego i Donalda Tuska przeprowadzili\u015bmy badanie preferencji partyjnych. Lista ugrupowa\u0144 prezentowana respondentom zawiera\u0142a ju\u017c<!--more--> nowo powo\u0142an\u0105 formacj\u0119. Obok pytania na kogo g\u0142osowaliby Polacy w wyborach do Sejmu, zadali\u015bmy r\u00f3wnie\u017c dwa inne &#8211; o wybory drugiego g\u0142osu i wybory negatywne.<\/p>\n<div class=\"infopay\">Raport udost\u0119pniany jest bezp\u0142atnie, w us\u0142udze &#8222;udost\u0119pnij aby pobra\u0107&#8221;.<br \/>\n          <b>Na czym to polega?<\/b> Raport b\u0119dzie dost\u0119pny do pobrania w pdf po udost\u0119pnieniu wpisu z linkiem do Archiwum Raport\u00f3w TNS Polska na wybranym serwisie spo\u0142eczno\u015bciowym: Facebooku lub Twitterze.\n          <\/div>\n","protected":false},"excerpt":{"rendered":"<p>W ostatni weekend stycznia &#8211; ju\u017c po powo\u0142aniu Platformy Obywatelskiej przez Andrzeja Olechowskiego, Macieja P\u0142a\u017cy\u0144skiego i Donalda Tuska przeprowadzili\u015bmy badanie preferencji partyjnych. Lista ugrupowa\u0144 prezentowana respondentom zawiera\u0142a ju\u017c<\/p>\n","protected":false},"author":1,"featured_media":0,"comment_status":"closed","ping_status":"closed","sticky":false,"template":"","format":"standard","meta":{"ngg_post_thumbnail":0},"categories":[1],"tags":[],"_links":{"self":[{"href":"https:\/\/public.kantarpolska.com\/archiwumraportow\/wp-json\/wp\/v2\/posts\/390"}],"collection":[{"href":"https:\/\/public.kantarpolska.com\/archiwumraportow\/wp-json\/wp\/v2\/posts"}],"about":[{"href":"https:\/\/public.kantarpolska.com\/archiwumraportow\/wp-json\/wp\/v2\/types\/post"}],"author":[{"embeddable":true,"href":"https:\/\/public.kantarpolska.com\/archiwumraportow\/wp-json\/wp\/v2\/users\/1"}],"replies":[{"embeddable":true,"href":"https:\/\/public.kantarpolska.com\/archiwumraportow\/wp-json\/wp\/v2\/comments?post=390"}],"version-history":[{"count":0,"href":"https:\/\/public.kantarpolska.com\/archiwumraportow\/wp-json\/wp\/v2\/posts\/390\/revisions"}],"wp:attachment":[{"href":"https:\/\/public.kantarpolska.com\/archiwumraportow\/wp-json\/wp\/v2\/media?parent=390"}],"wp:term":[{"taxonomy":"category","embeddable":true,"href":"https:\/\/public.kantarpolska.com\/archiwumraportow\/wp-json\/wp\/v2\/categories?post=390"},{"taxonomy":"post_tag","embeddable":true,"href":"https:\/\/public.kantarpolska.com\/archiwumraportow\/wp-json\/wp\/v2\/tags?post=390"}],"curies":[{"name":"wp","href":"https:\/\/api.w.org\/{rel}","templated":true}]}}