
{"id":385,"date":"2000-11-13T00:00:00","date_gmt":"2000-11-13T00:00:00","guid":{"rendered":"https:\/\/www.tnsglobal.pl\/archiwumraportow\/2000\/11\/13\/kim-jest-czlowiek-kulturalny\/"},"modified":"2000-11-13T00:00:00","modified_gmt":"2000-11-13T00:00:00","slug":"kim-jest-czlowiek-kulturalny","status":"publish","type":"post","link":"https:\/\/public.kantarpolska.com\/archiwumraportow\/2000\/11\/13\/kim-jest-czlowiek-kulturalny\/","title":{"rendered":"Kim jest cz\u0142owiek kulturalny"},"content":{"rendered":"<p>Kogo Polacy sk\u0142onni s\u0105 nazwa\u0107 cz\u0142owiekiem kulturalnym? Jakie cechy lub zachowania cz\u0142owieka decyduj\u0105 o tym, \u017ce jednych okre\u015blamy w ten spos\u00f3b, a innych nie. W po\u0142owie<!--more--> listopada 2000 r. TNS OBOP zapyta\u0142 Polak\u00f3w o to w jaki spos\u00f3b wyobra\u017caj\u0105 sobie osob\u0119 kulturaln\u0105. Uzyskane wyniki pozwalaj\u0105 wyodr\u0119bni\u0107 wizerunki osoby kulturalnej funkcjonuj\u0105ce w naszym spo\u0142ecze\u0144stwie.<\/p>\n<div class=\"infopay\">Raport udost\u0119pniany jest bezp\u0142atnie, w us\u0142udze &#8222;udost\u0119pnij aby pobra\u0107&#8221;.<br \/>\n          <b>Na czym to polega?<\/b> Raport b\u0119dzie dost\u0119pny do pobrania w pdf po udost\u0119pnieniu wpisu z linkiem do Archiwum Raport\u00f3w TNS Polska na wybranym serwisie spo\u0142eczno\u015bciowym: Facebooku lub Twitterze.\n          <\/div>\n","protected":false},"excerpt":{"rendered":"<p>Kogo Polacy sk\u0142onni s\u0105 nazwa\u0107 cz\u0142owiekiem kulturalnym? Jakie cechy lub zachowania cz\u0142owieka decyduj\u0105 o tym, \u017ce jednych okre\u015blamy w ten spos\u00f3b, a innych nie. W po\u0142owie<\/p>\n","protected":false},"author":1,"featured_media":0,"comment_status":"closed","ping_status":"closed","sticky":false,"template":"","format":"standard","meta":{"ngg_post_thumbnail":0},"categories":[1],"tags":[],"_links":{"self":[{"href":"https:\/\/public.kantarpolska.com\/archiwumraportow\/wp-json\/wp\/v2\/posts\/385"}],"collection":[{"href":"https:\/\/public.kantarpolska.com\/archiwumraportow\/wp-json\/wp\/v2\/posts"}],"about":[{"href":"https:\/\/public.kantarpolska.com\/archiwumraportow\/wp-json\/wp\/v2\/types\/post"}],"author":[{"embeddable":true,"href":"https:\/\/public.kantarpolska.com\/archiwumraportow\/wp-json\/wp\/v2\/users\/1"}],"replies":[{"embeddable":true,"href":"https:\/\/public.kantarpolska.com\/archiwumraportow\/wp-json\/wp\/v2\/comments?post=385"}],"version-history":[{"count":0,"href":"https:\/\/public.kantarpolska.com\/archiwumraportow\/wp-json\/wp\/v2\/posts\/385\/revisions"}],"wp:attachment":[{"href":"https:\/\/public.kantarpolska.com\/archiwumraportow\/wp-json\/wp\/v2\/media?parent=385"}],"wp:term":[{"taxonomy":"category","embeddable":true,"href":"https:\/\/public.kantarpolska.com\/archiwumraportow\/wp-json\/wp\/v2\/categories?post=385"},{"taxonomy":"post_tag","embeddable":true,"href":"https:\/\/public.kantarpolska.com\/archiwumraportow\/wp-json\/wp\/v2\/tags?post=385"}],"curies":[{"name":"wp","href":"https:\/\/api.w.org\/{rel}","templated":true}]}}