
{"id":384,"date":"2001-01-15T00:00:00","date_gmt":"2001-01-15T00:00:00","guid":{"rendered":"https:\/\/www.tnsglobal.pl\/archiwumraportow\/2001\/01\/15\/preferencje-partyjne-polakow-w-polowie-stycznia-2001-r\/"},"modified":"2001-01-15T00:00:00","modified_gmt":"2001-01-15T00:00:00","slug":"preferencje-partyjne-polakow-w-polowie-stycznia-2001-r","status":"publish","type":"post","link":"https:\/\/public.kantarpolska.com\/archiwumraportow\/2001\/01\/15\/preferencje-partyjne-polakow-w-polowie-stycznia-2001-r\/","title":{"rendered":"Preferencje partyjne Polak\u00f3w w po\u0142owie stycznia 2001 r."},"content":{"rendered":"<p>W po\u0142owie stycznia przeprowadzili\u015bmy kolejne badanie dotycz\u0105ce preferencji partyjnych Polak\u00f3w. W naszym sonda\u017cu nie zosta\u0142a uwzgl\u0119dniona Platforma Obywatelska Andrzeja Olechowskiego, Macieja P\u0142a\u017cy\u0144skiego i Donalda Tuska, jako<!--more--> \u017ce powo\u0142ano j\u0105 dopiero w p\u00f3\u017aniejszym terminie. W zwi\u0105zku z trwaj\u0105cymi spekulacjami na temat spo\u0142ecznych reakcji na ostatnie zmiany, pragniemy przedstawi\u0107 wyniki, kt\u00f3re uzyskali\u015bmy nieco wcze\u015bniej. Przypomnijmy, \u017ce zapowiedzi dotycz\u0105ce powo\u0142ania nowej rnna naszej scenie politycznej formacji pojawia\u0142y si\u0119 od razu po wyborach prezydenckich. Wtedy te\u017c przeprowadzili\u015bmy badanie mierz\u0105ce poparcie dla partii politycznych, m.in. dla ewentualnej formacji tworzonej przez Andrzeja Olechowskiego &#8211; Nowego Centrum. Uzyskanych w\u00f3wczas wynik\u00f3w nie nale\u017cy traktowa\u0107, jako aktualnego zaplecza Platformy Obywatelskiej.<\/p>\n<div class=\"infopay\">Raport udost\u0119pniany jest bezp\u0142atnie, w us\u0142udze &#8222;udost\u0119pnij aby pobra\u0107&#8221;.<br \/>\n          <b>Na czym to polega?<\/b> Raport b\u0119dzie dost\u0119pny do pobrania w pdf po udost\u0119pnieniu wpisu z linkiem do Archiwum Raport\u00f3w TNS Polska na wybranym serwisie spo\u0142eczno\u015bciowym: Facebooku lub Twitterze.\n          <\/div>\n","protected":false},"excerpt":{"rendered":"<p>W po\u0142owie stycznia przeprowadzili\u015bmy kolejne badanie dotycz\u0105ce preferencji partyjnych Polak\u00f3w. W naszym sonda\u017cu nie zosta\u0142a uwzgl\u0119dniona Platforma Obywatelska Andrzeja Olechowskiego, Macieja P\u0142a\u017cy\u0144skiego i Donalda Tuska, jako<\/p>\n","protected":false},"author":1,"featured_media":0,"comment_status":"closed","ping_status":"closed","sticky":false,"template":"","format":"standard","meta":{"ngg_post_thumbnail":0},"categories":[1],"tags":[],"_links":{"self":[{"href":"https:\/\/public.kantarpolska.com\/archiwumraportow\/wp-json\/wp\/v2\/posts\/384"}],"collection":[{"href":"https:\/\/public.kantarpolska.com\/archiwumraportow\/wp-json\/wp\/v2\/posts"}],"about":[{"href":"https:\/\/public.kantarpolska.com\/archiwumraportow\/wp-json\/wp\/v2\/types\/post"}],"author":[{"embeddable":true,"href":"https:\/\/public.kantarpolska.com\/archiwumraportow\/wp-json\/wp\/v2\/users\/1"}],"replies":[{"embeddable":true,"href":"https:\/\/public.kantarpolska.com\/archiwumraportow\/wp-json\/wp\/v2\/comments?post=384"}],"version-history":[{"count":0,"href":"https:\/\/public.kantarpolska.com\/archiwumraportow\/wp-json\/wp\/v2\/posts\/384\/revisions"}],"wp:attachment":[{"href":"https:\/\/public.kantarpolska.com\/archiwumraportow\/wp-json\/wp\/v2\/media?parent=384"}],"wp:term":[{"taxonomy":"category","embeddable":true,"href":"https:\/\/public.kantarpolska.com\/archiwumraportow\/wp-json\/wp\/v2\/categories?post=384"},{"taxonomy":"post_tag","embeddable":true,"href":"https:\/\/public.kantarpolska.com\/archiwumraportow\/wp-json\/wp\/v2\/tags?post=384"}],"curies":[{"name":"wp","href":"https:\/\/api.w.org\/{rel}","templated":true}]}}