
{"id":383,"date":"2000-11-27T00:00:00","date_gmt":"2000-11-27T00:00:00","guid":{"rendered":"https:\/\/www.tnsglobal.pl\/archiwumraportow\/2000\/11\/27\/opinie-polakow-o-kosciele\/"},"modified":"2000-11-27T00:00:00","modified_gmt":"2000-11-27T00:00:00","slug":"opinie-polakow-o-kosciele","status":"publish","type":"post","link":"https:\/\/public.kantarpolska.com\/archiwumraportow\/2000\/11\/27\/opinie-polakow-o-kosciele\/","title":{"rendered":"Opinie Polak\u00f3w o Ko\u015bciele"},"content":{"rendered":"<p>Przyt\u0142aczaj\u0105ca wi\u0119kszo\u015b\u0107 Polak\u00f3w uwa\u017ca si\u0119 za osoby wierz\u0105ce, w\u015br\u00f3d kt\u00f3rych zdecydowanie dominuj\u0105 wyznawcy katolicyzmu. Ale jak przejawia si\u0119 nasza religijno\u015b\u0107 w kontek\u015bcie systematyczno\u015bci uczestniczenia w praktykach religijnych?<!--more--> Czy Polacy darz\u0105 zaufaniem Ko\u015bci\u00f3\u0142 katolicki, jak postrzegaj\u0105 jego udzia\u0142 w \u017cyciu politycznym, co s\u0105dz\u0105 o zasadach spo\u0142ecznej nauki Ko\u015bcio\u0142a &#8211; czy widz\u0105 potrzeb\u0119 szanowania i przestrzegania jej zasad w \u017cyciu politycznym, czy te\u017c nie. Odpowiedzi na te pytania przynosz\u0105 wyniki naszego sonda\u017cu przeprowadzonego w ostatnich dniach listopada 2000 r.<\/p>\n<div class=\"infopay\">Raport udost\u0119pniany jest bezp\u0142atnie, w us\u0142udze &#8222;udost\u0119pnij aby pobra\u0107&#8221;.<br \/>\n          <b>Na czym to polega?<\/b> Raport b\u0119dzie dost\u0119pny do pobrania w pdf po udost\u0119pnieniu wpisu z linkiem do Archiwum Raport\u00f3w TNS Polska na wybranym serwisie spo\u0142eczno\u015bciowym: Facebooku lub Twitterze.\n          <\/div>\n","protected":false},"excerpt":{"rendered":"<p>Przyt\u0142aczaj\u0105ca wi\u0119kszo\u015b\u0107 Polak\u00f3w uwa\u017ca si\u0119 za osoby wierz\u0105ce, w\u015br\u00f3d kt\u00f3rych zdecydowanie dominuj\u0105 wyznawcy katolicyzmu. Ale jak przejawia si\u0119 nasza religijno\u015b\u0107 w kontek\u015bcie systematyczno\u015bci uczestniczenia w praktykach religijnych?<\/p>\n","protected":false},"author":1,"featured_media":0,"comment_status":"closed","ping_status":"closed","sticky":false,"template":"","format":"standard","meta":{"ngg_post_thumbnail":0},"categories":[1],"tags":[],"_links":{"self":[{"href":"https:\/\/public.kantarpolska.com\/archiwumraportow\/wp-json\/wp\/v2\/posts\/383"}],"collection":[{"href":"https:\/\/public.kantarpolska.com\/archiwumraportow\/wp-json\/wp\/v2\/posts"}],"about":[{"href":"https:\/\/public.kantarpolska.com\/archiwumraportow\/wp-json\/wp\/v2\/types\/post"}],"author":[{"embeddable":true,"href":"https:\/\/public.kantarpolska.com\/archiwumraportow\/wp-json\/wp\/v2\/users\/1"}],"replies":[{"embeddable":true,"href":"https:\/\/public.kantarpolska.com\/archiwumraportow\/wp-json\/wp\/v2\/comments?post=383"}],"version-history":[{"count":0,"href":"https:\/\/public.kantarpolska.com\/archiwumraportow\/wp-json\/wp\/v2\/posts\/383\/revisions"}],"wp:attachment":[{"href":"https:\/\/public.kantarpolska.com\/archiwumraportow\/wp-json\/wp\/v2\/media?parent=383"}],"wp:term":[{"taxonomy":"category","embeddable":true,"href":"https:\/\/public.kantarpolska.com\/archiwumraportow\/wp-json\/wp\/v2\/categories?post=383"},{"taxonomy":"post_tag","embeddable":true,"href":"https:\/\/public.kantarpolska.com\/archiwumraportow\/wp-json\/wp\/v2\/tags?post=383"}],"curies":[{"name":"wp","href":"https:\/\/api.w.org\/{rel}","templated":true}]}}