
{"id":382,"date":"2001-11-27T00:00:00","date_gmt":"2001-11-27T00:00:00","guid":{"rendered":"https:\/\/www.tnsglobal.pl\/archiwumraportow\/2001\/11\/27\/polacy-o-znaczeniu-badan-opinii-publicznej\/"},"modified":"2001-11-27T00:00:00","modified_gmt":"2001-11-27T00:00:00","slug":"polacy-o-znaczeniu-badan-opinii-publicznej","status":"publish","type":"post","link":"https:\/\/public.kantarpolska.com\/archiwumraportow\/2001\/11\/27\/polacy-o-znaczeniu-badan-opinii-publicznej\/","title":{"rendered":"Polacy o znaczeniu bada\u0144 opinii publicznej"},"content":{"rendered":"<p>Czy Polacy interesuj\u0105 si\u0119 wynikami bada\u0144 opinii publicznej publikowanymi w \u015brodkach masowego przekazu? Czy maj\u0105 dzi\u0119ki nim poczucie pe\u0142niejszego dost\u0119pu do informacji? Czy i w jakim stopniu<!--more--> &#8211; zdaniem spo\u0142ecze\u0144stwa &#8211; politycy r\u00f3\u017cnych szczebli (pos\u0142owie, cz\u0142onkowie rz\u0105du, w\u0142adze samorz\u0105dowe) powinni korzysta\u0107 z bada\u0144 opinii publicznej: czy powinni si\u0119 nimi interesowa\u0107, czy mo\u017ce uwzgl\u0119dnia\u0107 je w swej dzia\u0142alno\u015bci, a mo\u017ce nawet zamawia\u0107 przeprowadzenie bada\u0144 przed podj\u0119ciem wa\u017cnych decyzji lub zmienia\u0107 swoje postanowienia pod wp\u0142ywem sonda\u017cy? Czy respondenci bior\u0105cy udzia\u0142 w badaniach na og\u00f3\u0142 udzielaj\u0105 prawdziwych odpowiedzi? Czy sonda\u017ce s\u0105 &#8211; w przekonaniu spo\u0142ecznym &#8211; potrzebne, wiarygodne, czy te\u017c mo\u017ce s\u0142u\u017c\u0105 do manipulowania spo\u0142ecze\u0144stwem, a na ich podstawie nie mo\u017cna m\u00f3wi\u0107 co my\u015bl\u0105 wszyscy Polacy, gdy\u017c przeprowadzane s\u0105 tylko z niekt\u00f3rymi lud\u017ami? I wreszcie, czy wyniki sonda\u017cy &#8211; w opinii Polak\u00f3w &#8211; mog\u0105 by\u0107 dla rz\u0105dz\u0105cych \u017ar\u00f3d\u0142em informacji o najwa\u017cniejszych problemach ludzi oraz o bie\u017c\u0105cej ocenie ich dzia\u0142a\u0144? Odpowiedzi na te pytania przynosi raport z przeprowadzonego w ostatnich dniach listopada 2000 r. przez TNS OBOP sonda\u017cu dotycz\u0105cego stosunku Polak\u00f3w do bada\u0144 opinii publicznej.<\/p>\n<div class=\"infopay\">Raport udost\u0119pniany jest bezp\u0142atnie, w us\u0142udze &#8222;udost\u0119pnij aby pobra\u0107&#8221;.<br \/>\n          <b>Na czym to polega?<\/b> Raport b\u0119dzie dost\u0119pny do pobrania w pdf po udost\u0119pnieniu wpisu z linkiem do Archiwum Raport\u00f3w TNS Polska na wybranym serwisie spo\u0142eczno\u015bciowym: Facebooku lub Twitterze.\n          <\/div>\n","protected":false},"excerpt":{"rendered":"<p>Czy Polacy interesuj\u0105 si\u0119 wynikami bada\u0144 opinii publicznej publikowanymi w \u015brodkach masowego przekazu? Czy maj\u0105 dzi\u0119ki nim poczucie pe\u0142niejszego dost\u0119pu do informacji? Czy i w jakim stopniu<\/p>\n","protected":false},"author":1,"featured_media":0,"comment_status":"closed","ping_status":"closed","sticky":false,"template":"","format":"standard","meta":{"ngg_post_thumbnail":0},"categories":[1],"tags":[],"_links":{"self":[{"href":"https:\/\/public.kantarpolska.com\/archiwumraportow\/wp-json\/wp\/v2\/posts\/382"}],"collection":[{"href":"https:\/\/public.kantarpolska.com\/archiwumraportow\/wp-json\/wp\/v2\/posts"}],"about":[{"href":"https:\/\/public.kantarpolska.com\/archiwumraportow\/wp-json\/wp\/v2\/types\/post"}],"author":[{"embeddable":true,"href":"https:\/\/public.kantarpolska.com\/archiwumraportow\/wp-json\/wp\/v2\/users\/1"}],"replies":[{"embeddable":true,"href":"https:\/\/public.kantarpolska.com\/archiwumraportow\/wp-json\/wp\/v2\/comments?post=382"}],"version-history":[{"count":0,"href":"https:\/\/public.kantarpolska.com\/archiwumraportow\/wp-json\/wp\/v2\/posts\/382\/revisions"}],"wp:attachment":[{"href":"https:\/\/public.kantarpolska.com\/archiwumraportow\/wp-json\/wp\/v2\/media?parent=382"}],"wp:term":[{"taxonomy":"category","embeddable":true,"href":"https:\/\/public.kantarpolska.com\/archiwumraportow\/wp-json\/wp\/v2\/categories?post=382"},{"taxonomy":"post_tag","embeddable":true,"href":"https:\/\/public.kantarpolska.com\/archiwumraportow\/wp-json\/wp\/v2\/tags?post=382"}],"curies":[{"name":"wp","href":"https:\/\/api.w.org\/{rel}","templated":true}]}}