
{"id":380,"date":"2000-12-12T00:00:00","date_gmt":"2000-12-12T00:00:00","guid":{"rendered":"https:\/\/www.tnsglobal.pl\/archiwumraportow\/2000\/12\/12\/rok-2000-w-ocenie-polakow\/"},"modified":"2000-12-12T00:00:00","modified_gmt":"2000-12-12T00:00:00","slug":"rok-2000-w-ocenie-polakow","status":"publish","type":"post","link":"https:\/\/public.kantarpolska.com\/archiwumraportow\/2000\/12\/12\/rok-2000-w-ocenie-polakow\/","title":{"rendered":"Rok 2000 w ocenie Polak\u00f3w"},"content":{"rendered":"<p>Tradycyjnie ju\u017c, pod koniec roku, zapytali\u015bmy Polak\u00f3w o ocen\u0119 mijaj\u0105cych dwunastu miesi\u0105cu &#8211; w kontek\u015bcie sytuacji osobistej, sytuacji kraju jak i ca\u0142ego \u015bwiata. Tegoroczne wyniki maj\u0105 specjaln\u0105, symboliczn\u0105<!--more--> warto\u015b\u0107 &#8211; m\u00f3wi\u0107 b\u0119d\u0105 o tym, co czuli Polacy pod koniec nie tylko mijaj\u0105cego kolejnego roku, ale tak\u017ce co czuli na koniec XX stulecia, tu\u017c przed nadej\u015bciem nowego tysi\u0105clecia.<\/p>\n<div class=\"infopay\">Raport udost\u0119pniany jest bezp\u0142atnie, w us\u0142udze &#8222;udost\u0119pnij aby pobra\u0107&#8221;.<br \/>\n          <b>Na czym to polega?<\/b> Raport b\u0119dzie dost\u0119pny do pobrania w pdf po udost\u0119pnieniu wpisu z linkiem do Archiwum Raport\u00f3w TNS Polska na wybranym serwisie spo\u0142eczno\u015bciowym: Facebooku lub Twitterze.\n          <\/div>\n","protected":false},"excerpt":{"rendered":"<p>Tradycyjnie ju\u017c, pod koniec roku, zapytali\u015bmy Polak\u00f3w o ocen\u0119 mijaj\u0105cych dwunastu miesi\u0105cu &#8211; w kontek\u015bcie sytuacji osobistej, sytuacji kraju jak i ca\u0142ego \u015bwiata. Tegoroczne wyniki maj\u0105 specjaln\u0105, symboliczn\u0105<\/p>\n","protected":false},"author":1,"featured_media":0,"comment_status":"closed","ping_status":"closed","sticky":false,"template":"","format":"standard","meta":{"ngg_post_thumbnail":0},"categories":[1],"tags":[],"_links":{"self":[{"href":"https:\/\/public.kantarpolska.com\/archiwumraportow\/wp-json\/wp\/v2\/posts\/380"}],"collection":[{"href":"https:\/\/public.kantarpolska.com\/archiwumraportow\/wp-json\/wp\/v2\/posts"}],"about":[{"href":"https:\/\/public.kantarpolska.com\/archiwumraportow\/wp-json\/wp\/v2\/types\/post"}],"author":[{"embeddable":true,"href":"https:\/\/public.kantarpolska.com\/archiwumraportow\/wp-json\/wp\/v2\/users\/1"}],"replies":[{"embeddable":true,"href":"https:\/\/public.kantarpolska.com\/archiwumraportow\/wp-json\/wp\/v2\/comments?post=380"}],"version-history":[{"count":0,"href":"https:\/\/public.kantarpolska.com\/archiwumraportow\/wp-json\/wp\/v2\/posts\/380\/revisions"}],"wp:attachment":[{"href":"https:\/\/public.kantarpolska.com\/archiwumraportow\/wp-json\/wp\/v2\/media?parent=380"}],"wp:term":[{"taxonomy":"category","embeddable":true,"href":"https:\/\/public.kantarpolska.com\/archiwumraportow\/wp-json\/wp\/v2\/categories?post=380"},{"taxonomy":"post_tag","embeddable":true,"href":"https:\/\/public.kantarpolska.com\/archiwumraportow\/wp-json\/wp\/v2\/tags?post=380"}],"curies":[{"name":"wp","href":"https:\/\/api.w.org\/{rel}","templated":true}]}}