
{"id":374,"date":"2000-10-30T00:00:00","date_gmt":"2000-10-30T00:00:00","guid":{"rendered":"https:\/\/www.tnsglobal.pl\/archiwumraportow\/2000\/10\/30\/zaufanie-do-politykow-czlonkowie-rady-ministrow\/"},"modified":"2000-10-30T00:00:00","modified_gmt":"2000-10-30T00:00:00","slug":"zaufanie-do-politykow-czlonkowie-rady-ministrow","status":"publish","type":"post","link":"https:\/\/public.kantarpolska.com\/archiwumraportow\/2000\/10\/30\/zaufanie-do-politykow-czlonkowie-rady-ministrow\/","title":{"rendered":"Zaufanie do polityk\u00f3w &#8211; cz\u0142onkowie Rady Ministr\u00f3w"},"content":{"rendered":"<p>W ostatnich dniach pa\u017adziernika przeprowadzili\u015bmy badanie dotycz\u0105ce popularno\u015bci polityk\u00f3w i ich postrzeganego usytuowania na osi lewica-prawica. Najpierw zapytali\u015bmy Polak\u00f3w czy wobec nast\u0119puj\u0105cych os\u00f3b odczuwaj\u0105 sympati\u0119, niech\u0119\u0107 lub mo\u017ce oboj\u0119tno\u015b\u0107.<!--more--> Je\u015bli respondent stwierdza\u0142, \u017ce dane nazwisko nie jest mu znane, nie odpowiada\u0142 ju\u017c na kolejne pytanie, o to, jakie &#8211; jego zdaniem &#8211; pogl\u0105dy polityczne reprezentuje konkretny polityk. Lista zawiera\u0142a niemal 50 nazwisk polityk\u00f3w r\u00f3\u017cnych opcji i u\u0142o\u017cona by\u0142a w kolejno\u015bci alfabetycznej.rnW pierwszej cz\u0119\u015bci prezentowali\u015bmy wyniki dotycz\u0105ce opinii na temat tegorocznych kandydat\u00f3w na prezydenta. W drugiej &#8211; pokazujemy opinie o niemal wszystkich politykach, b\u0119d\u0105cych cz\u0142onkami Rady Ministr\u00f3w. rnNasz sonda\u017c realizowany by\u0142 jeszcze przed powo\u0142aniem Grzegorza Opali na stanowisko ministra zdrowia. Ze wzgl\u0119du na charakter Komitetu Bada\u0144 Naukowych, nie pytali\u015bmy o jego przewodnicz\u0105cego ministra nauki Andrzeja Wiszniewskiego.<\/p>\n<div class=\"infopay\">Raport udost\u0119pniany jest bezp\u0142atnie, w us\u0142udze &#8222;udost\u0119pnij aby pobra\u0107&#8221;.<br \/>\n          <b>Na czym to polega?<\/b> Raport b\u0119dzie dost\u0119pny do pobrania w pdf po udost\u0119pnieniu wpisu z linkiem do Archiwum Raport\u00f3w TNS Polska na wybranym serwisie spo\u0142eczno\u015bciowym: Facebooku lub Twitterze.\n          <\/div>\n","protected":false},"excerpt":{"rendered":"<p>W ostatnich dniach pa\u017adziernika przeprowadzili\u015bmy badanie dotycz\u0105ce popularno\u015bci polityk\u00f3w i ich postrzeganego usytuowania na osi lewica-prawica. Najpierw zapytali\u015bmy Polak\u00f3w czy wobec nast\u0119puj\u0105cych os\u00f3b odczuwaj\u0105 sympati\u0119, niech\u0119\u0107 lub mo\u017ce oboj\u0119tno\u015b\u0107.<\/p>\n","protected":false},"author":1,"featured_media":0,"comment_status":"closed","ping_status":"closed","sticky":false,"template":"","format":"standard","meta":{"ngg_post_thumbnail":0},"categories":[1],"tags":[],"_links":{"self":[{"href":"https:\/\/public.kantarpolska.com\/archiwumraportow\/wp-json\/wp\/v2\/posts\/374"}],"collection":[{"href":"https:\/\/public.kantarpolska.com\/archiwumraportow\/wp-json\/wp\/v2\/posts"}],"about":[{"href":"https:\/\/public.kantarpolska.com\/archiwumraportow\/wp-json\/wp\/v2\/types\/post"}],"author":[{"embeddable":true,"href":"https:\/\/public.kantarpolska.com\/archiwumraportow\/wp-json\/wp\/v2\/users\/1"}],"replies":[{"embeddable":true,"href":"https:\/\/public.kantarpolska.com\/archiwumraportow\/wp-json\/wp\/v2\/comments?post=374"}],"version-history":[{"count":0,"href":"https:\/\/public.kantarpolska.com\/archiwumraportow\/wp-json\/wp\/v2\/posts\/374\/revisions"}],"wp:attachment":[{"href":"https:\/\/public.kantarpolska.com\/archiwumraportow\/wp-json\/wp\/v2\/media?parent=374"}],"wp:term":[{"taxonomy":"category","embeddable":true,"href":"https:\/\/public.kantarpolska.com\/archiwumraportow\/wp-json\/wp\/v2\/categories?post=374"},{"taxonomy":"post_tag","embeddable":true,"href":"https:\/\/public.kantarpolska.com\/archiwumraportow\/wp-json\/wp\/v2\/tags?post=374"}],"curies":[{"name":"wp","href":"https:\/\/api.w.org\/{rel}","templated":true}]}}