
{"id":363,"date":"2000-10-02T00:00:00","date_gmt":"2000-10-02T00:00:00","guid":{"rendered":"https:\/\/www.tnsglobal.pl\/archiwumraportow\/2000\/10\/02\/spoleczenstwo-polskie-wobec-uchodzcow\/"},"modified":"2000-10-02T00:00:00","modified_gmt":"2000-10-02T00:00:00","slug":"spoleczenstwo-polskie-wobec-uchodzcow","status":"publish","type":"post","link":"https:\/\/public.kantarpolska.com\/archiwumraportow\/2000\/10\/02\/spoleczenstwo-polskie-wobec-uchodzcow\/","title":{"rendered":"Spo\u0142ecze\u0144stwo polskie wobec uchod\u017ac\u00f3w"},"content":{"rendered":"<p>24 wrze\u015bnia br. w Polsce po raz kolejny obchodzony by\u0142 Dzie\u0144 Uchod\u017acy. Tydzie\u0144 p\u00f3\u017aniej, na zlecenie polskiego przedstawicielstwa Wysokiego Komisarza ONZ do Spraw Uchod\u017ac\u00f3w, TNS OBOP przeprowadzi\u0142 sonda\u017c<!--more--> dotycz\u0105cy stosunku Polak\u00f3w do uchod\u017ac\u00f3w. Badanie obejmowa\u0142o m.in. poinformowanie o obchodach Dnia Uchod\u017acy, \u015bwiadomo\u015b\u0107 tego, kim s\u0105 uchod\u017acy, opinie dotycz\u0105ce tego, w jaki spos\u00f3b nale\u017cy post\u0119powa\u0107 wobec uchod\u017ac\u00f3w i co nasze pa\u0144stwo powinno im umo\u017cliwi\u0107. Innym badanym zagadnieniem by\u0142a znajomo\u015b\u0107 instytucji Wysokiego Komisarza ONZ Ds. Uchod\u017ac\u00f3w i \u015bwiadomo\u015b\u0107 czy jej przedstawicielstwo dzia\u0142a w Polsce. Wyniki zestawiono z danymi uzyskanymi w badaniach prowadzonych przez OBOP w poprzednich latach, co pozwala por\u00f3wna\u0107 zmiany \u015bwiadomo\u015bci i opinii spo\u0142ecznej w tej kwestii.<\/p>\n<div class=\"infopay\">Raport udost\u0119pniany jest bezp\u0142atnie, w us\u0142udze &#8222;udost\u0119pnij aby pobra\u0107&#8221;.<br \/>\n          <b>Na czym to polega?<\/b> Raport b\u0119dzie dost\u0119pny do pobrania w pdf po udost\u0119pnieniu wpisu z linkiem do Archiwum Raport\u00f3w TNS Polska na wybranym serwisie spo\u0142eczno\u015bciowym: Facebooku lub Twitterze.\n          <\/div>\n","protected":false},"excerpt":{"rendered":"<p>24 wrze\u015bnia br. w Polsce po raz kolejny obchodzony by\u0142 Dzie\u0144 Uchod\u017acy. Tydzie\u0144 p\u00f3\u017aniej, na zlecenie polskiego przedstawicielstwa Wysokiego Komisarza ONZ do Spraw Uchod\u017ac\u00f3w, TNS OBOP przeprowadzi\u0142 sonda\u017c<\/p>\n","protected":false},"author":1,"featured_media":0,"comment_status":"closed","ping_status":"closed","sticky":false,"template":"","format":"standard","meta":{"ngg_post_thumbnail":0},"categories":[1],"tags":[],"_links":{"self":[{"href":"https:\/\/public.kantarpolska.com\/archiwumraportow\/wp-json\/wp\/v2\/posts\/363"}],"collection":[{"href":"https:\/\/public.kantarpolska.com\/archiwumraportow\/wp-json\/wp\/v2\/posts"}],"about":[{"href":"https:\/\/public.kantarpolska.com\/archiwumraportow\/wp-json\/wp\/v2\/types\/post"}],"author":[{"embeddable":true,"href":"https:\/\/public.kantarpolska.com\/archiwumraportow\/wp-json\/wp\/v2\/users\/1"}],"replies":[{"embeddable":true,"href":"https:\/\/public.kantarpolska.com\/archiwumraportow\/wp-json\/wp\/v2\/comments?post=363"}],"version-history":[{"count":0,"href":"https:\/\/public.kantarpolska.com\/archiwumraportow\/wp-json\/wp\/v2\/posts\/363\/revisions"}],"wp:attachment":[{"href":"https:\/\/public.kantarpolska.com\/archiwumraportow\/wp-json\/wp\/v2\/media?parent=363"}],"wp:term":[{"taxonomy":"category","embeddable":true,"href":"https:\/\/public.kantarpolska.com\/archiwumraportow\/wp-json\/wp\/v2\/categories?post=363"},{"taxonomy":"post_tag","embeddable":true,"href":"https:\/\/public.kantarpolska.com\/archiwumraportow\/wp-json\/wp\/v2\/tags?post=363"}],"curies":[{"name":"wp","href":"https:\/\/api.w.org\/{rel}","templated":true}]}}