
{"id":362,"date":"2000-10-02T00:00:00","date_gmt":"2000-10-02T00:00:00","guid":{"rendered":"https:\/\/www.tnsglobal.pl\/archiwumraportow\/2000\/10\/02\/czego-polacy-chca-sie-uczyc\/"},"modified":"2000-10-02T00:00:00","modified_gmt":"2000-10-02T00:00:00","slug":"czego-polacy-chca-sie-uczyc","status":"publish","type":"post","link":"https:\/\/public.kantarpolska.com\/archiwumraportow\/2000\/10\/02\/czego-polacy-chca-sie-uczyc\/","title":{"rendered":"Czego Polacy chc\u0105 si\u0119 uczy\u0107?"},"content":{"rendered":"<p>Pocz\u0105tek roku szkolnego i akademickiego to zwykle r\u00f3wnie\u017c czas rozpoczynania cykl\u00f3w r\u00f3\u017cnego rodzaju szkole\u0144 i kurs\u00f3w. W sonda\u017cu przeprowadzonym na prze\u0142omie wrze\u015bnia i pa\u017adziernika TNS OBOP<!--more--> zapyta\u0142 Polak\u00f3w o kursy i szkolenia, w kt\u00f3rych sami chcieliby uczestniczy\u0107 oraz takie, kt\u00f3re polecaliby m\u0142odzie\u017cy wkraczaj\u0105cej obecnie w doros\u0142e \u017cycie. Opr\u00f3cz wynik\u00f3w pokazuj\u0105cych popularno\u015b\u0107 r\u00f3\u017cnego rodzaju kurs\u00f3w oraz hierarchi\u0119 umiej\u0119tno\u015bci uznawanych za szczeg\u00f3lnie potrzebne m\u0142odym ludziom w dzisiejszym \u015bwiecie, z komunikatu mo\u017cna si\u0119 r\u00f3wnie\u017c dowiedzie\u0107 kto, osoby o jakich cechach, w najwi\u0119kszym stopniu sk\u0142onne s\u0105 do zdobywania nowych umiej\u0119tno\u015bci.rn<\/p>\n<div class=\"infopay\">Raport udost\u0119pniany jest bezp\u0142atnie, w us\u0142udze &#8222;udost\u0119pnij aby pobra\u0107&#8221;.<br \/>\n          <b>Na czym to polega?<\/b> Raport b\u0119dzie dost\u0119pny do pobrania w pdf po udost\u0119pnieniu wpisu z linkiem do Archiwum Raport\u00f3w TNS Polska na wybranym serwisie spo\u0142eczno\u015bciowym: Facebooku lub Twitterze.\n          <\/div>\n","protected":false},"excerpt":{"rendered":"<p>Pocz\u0105tek roku szkolnego i akademickiego to zwykle r\u00f3wnie\u017c czas rozpoczynania cykl\u00f3w r\u00f3\u017cnego rodzaju szkole\u0144 i kurs\u00f3w. W sonda\u017cu przeprowadzonym na prze\u0142omie wrze\u015bnia i pa\u017adziernika TNS OBOP<\/p>\n","protected":false},"author":1,"featured_media":0,"comment_status":"closed","ping_status":"closed","sticky":false,"template":"","format":"standard","meta":{"ngg_post_thumbnail":0},"categories":[1],"tags":[],"_links":{"self":[{"href":"https:\/\/public.kantarpolska.com\/archiwumraportow\/wp-json\/wp\/v2\/posts\/362"}],"collection":[{"href":"https:\/\/public.kantarpolska.com\/archiwumraportow\/wp-json\/wp\/v2\/posts"}],"about":[{"href":"https:\/\/public.kantarpolska.com\/archiwumraportow\/wp-json\/wp\/v2\/types\/post"}],"author":[{"embeddable":true,"href":"https:\/\/public.kantarpolska.com\/archiwumraportow\/wp-json\/wp\/v2\/users\/1"}],"replies":[{"embeddable":true,"href":"https:\/\/public.kantarpolska.com\/archiwumraportow\/wp-json\/wp\/v2\/comments?post=362"}],"version-history":[{"count":0,"href":"https:\/\/public.kantarpolska.com\/archiwumraportow\/wp-json\/wp\/v2\/posts\/362\/revisions"}],"wp:attachment":[{"href":"https:\/\/public.kantarpolska.com\/archiwumraportow\/wp-json\/wp\/v2\/media?parent=362"}],"wp:term":[{"taxonomy":"category","embeddable":true,"href":"https:\/\/public.kantarpolska.com\/archiwumraportow\/wp-json\/wp\/v2\/categories?post=362"},{"taxonomy":"post_tag","embeddable":true,"href":"https:\/\/public.kantarpolska.com\/archiwumraportow\/wp-json\/wp\/v2\/tags?post=362"}],"curies":[{"name":"wp","href":"https:\/\/api.w.org\/{rel}","templated":true}]}}