
{"id":360,"date":"2000-09-18T00:00:00","date_gmt":"2000-09-18T00:00:00","guid":{"rendered":"https:\/\/www.tnsglobal.pl\/archiwumraportow\/2000\/09\/18\/postulowany-model-prezydentury\/"},"modified":"2000-09-18T00:00:00","modified_gmt":"2000-09-18T00:00:00","slug":"postulowany-model-prezydentury","status":"publish","type":"post","link":"https:\/\/public.kantarpolska.com\/archiwumraportow\/2000\/09\/18\/postulowany-model-prezydentury\/","title":{"rendered":"Postulowany model prezydentury"},"content":{"rendered":"<p>W drugiej po\u0142owie sierpnia przeprowadzili\u015bmy na zlecenie programu Forum badanie dotycz\u0105ce postulowanego modelu prezydentury. W naszym sonda\u017cu pytali\u015bmy Polak\u00f3w, jakimi cechami powinien odznacza\u0107 si\u0119 polityk sprawuj\u0105cy najwy\u017cszy<!--more--> urz\u0105d w pa\u0144stwie oraz jakie &#8211; zdaniem naszego spo\u0142ecze\u0144stwa &#8211; uprawnienia powinna mie\u0107 g\u0142owa pa\u0144stwa w naszym kraju. rnZamieszczane w tym sonda\u017cu opinie najwi\u0119kszych elektorat\u00f3w kandydat\u00f3w na prezydenta dotyczy\u0142y tylko tych pe\u0142noletnich os\u00f3b, kt\u00f3re deklarowa\u0142y wcze\u015bniej gotowo\u015b\u0107 wzi\u0119cia udzia\u0142u w wyborach prezydenckich i wiedzia\u0142y kogo by w nich popar\u0142y.<\/p>\n<div class=\"infopay\">Raport udost\u0119pniany jest bezp\u0142atnie, w us\u0142udze &#8222;udost\u0119pnij aby pobra\u0107&#8221;.<br \/>\n          <b>Na czym to polega?<\/b> Raport b\u0119dzie dost\u0119pny do pobrania w pdf po udost\u0119pnieniu wpisu z linkiem do Archiwum Raport\u00f3w TNS Polska na wybranym serwisie spo\u0142eczno\u015bciowym: Facebooku lub Twitterze.\n          <\/div>\n","protected":false},"excerpt":{"rendered":"<p>W drugiej po\u0142owie sierpnia przeprowadzili\u015bmy na zlecenie programu Forum badanie dotycz\u0105ce postulowanego modelu prezydentury. W naszym sonda\u017cu pytali\u015bmy Polak\u00f3w, jakimi cechami powinien odznacza\u0107 si\u0119 polityk sprawuj\u0105cy najwy\u017cszy<\/p>\n","protected":false},"author":1,"featured_media":0,"comment_status":"closed","ping_status":"closed","sticky":false,"template":"","format":"standard","meta":{"ngg_post_thumbnail":0},"categories":[1],"tags":[],"_links":{"self":[{"href":"https:\/\/public.kantarpolska.com\/archiwumraportow\/wp-json\/wp\/v2\/posts\/360"}],"collection":[{"href":"https:\/\/public.kantarpolska.com\/archiwumraportow\/wp-json\/wp\/v2\/posts"}],"about":[{"href":"https:\/\/public.kantarpolska.com\/archiwumraportow\/wp-json\/wp\/v2\/types\/post"}],"author":[{"embeddable":true,"href":"https:\/\/public.kantarpolska.com\/archiwumraportow\/wp-json\/wp\/v2\/users\/1"}],"replies":[{"embeddable":true,"href":"https:\/\/public.kantarpolska.com\/archiwumraportow\/wp-json\/wp\/v2\/comments?post=360"}],"version-history":[{"count":0,"href":"https:\/\/public.kantarpolska.com\/archiwumraportow\/wp-json\/wp\/v2\/posts\/360\/revisions"}],"wp:attachment":[{"href":"https:\/\/public.kantarpolska.com\/archiwumraportow\/wp-json\/wp\/v2\/media?parent=360"}],"wp:term":[{"taxonomy":"category","embeddable":true,"href":"https:\/\/public.kantarpolska.com\/archiwumraportow\/wp-json\/wp\/v2\/categories?post=360"},{"taxonomy":"post_tag","embeddable":true,"href":"https:\/\/public.kantarpolska.com\/archiwumraportow\/wp-json\/wp\/v2\/tags?post=360"}],"curies":[{"name":"wp","href":"https:\/\/api.w.org\/{rel}","templated":true}]}}