
{"id":358,"date":"2000-09-18T00:00:00","date_gmt":"2000-09-18T00:00:00","guid":{"rendered":"https:\/\/www.tnsglobal.pl\/archiwumraportow\/2000\/09\/18\/preferencje-prezydenckie-trzy-tygodnie-przed-wyborami-tydzien-przed-rozpoczeciem-emisji-audycji-wyborczych\/"},"modified":"2000-09-18T00:00:00","modified_gmt":"2000-09-18T00:00:00","slug":"preferencje-prezydenckie-trzy-tygodnie-przed-wyborami-tydzien-przed-rozpoczeciem-emisji-audycji-wyborczych","status":"publish","type":"post","link":"https:\/\/public.kantarpolska.com\/archiwumraportow\/2000\/09\/18\/preferencje-prezydenckie-trzy-tygodnie-przed-wyborami-tydzien-przed-rozpoczeciem-emisji-audycji-wyborczych\/","title":{"rendered":"Preferencje prezydenckie trzy tygodnie przed wyborami (tydzie\u0144 przed rozpocz\u0119ciem emisji audycji wyborczych)"},"content":{"rendered":"<p>W po\u0142owie wrze\u015bnia, tydzie\u0144 przed terminem rozpocz\u0119cia emisji audycji wyborczych kandydat\u00f3w na prezydenta, przeprowadzili\u015bmy kolejny pomiar popularno\u015bci pretendent\u00f3w do najwy\u017cszego urz\u0119du w pa\u0144stwie. Oznacza to, \u017ce nasze badanie<!--more--> zosta\u0142o zrealizowane przed nadaniem reklam\u00f3wki wyborczej Mariana Krzaklewskiego, w kt\u00f3rej wykorzystano zdj\u0119cia z Kalisza z udzia\u0142em urz\u0119duj\u0105cego prezydenta.<\/p>\n<div class=\"infopay\">Raport udost\u0119pniany jest bezp\u0142atnie, w us\u0142udze &#8222;udost\u0119pnij aby pobra\u0107&#8221;.<br \/>\n          <b>Na czym to polega?<\/b> Raport b\u0119dzie dost\u0119pny do pobrania w pdf po udost\u0119pnieniu wpisu z linkiem do Archiwum Raport\u00f3w TNS Polska na wybranym serwisie spo\u0142eczno\u015bciowym: Facebooku lub Twitterze.\n          <\/div>\n","protected":false},"excerpt":{"rendered":"<p>W po\u0142owie wrze\u015bnia, tydzie\u0144 przed terminem rozpocz\u0119cia emisji audycji wyborczych kandydat\u00f3w na prezydenta, przeprowadzili\u015bmy kolejny pomiar popularno\u015bci pretendent\u00f3w do najwy\u017cszego urz\u0119du w pa\u0144stwie. Oznacza to, \u017ce nasze badanie<\/p>\n","protected":false},"author":1,"featured_media":0,"comment_status":"closed","ping_status":"closed","sticky":false,"template":"","format":"standard","meta":{"ngg_post_thumbnail":0},"categories":[1],"tags":[],"_links":{"self":[{"href":"https:\/\/public.kantarpolska.com\/archiwumraportow\/wp-json\/wp\/v2\/posts\/358"}],"collection":[{"href":"https:\/\/public.kantarpolska.com\/archiwumraportow\/wp-json\/wp\/v2\/posts"}],"about":[{"href":"https:\/\/public.kantarpolska.com\/archiwumraportow\/wp-json\/wp\/v2\/types\/post"}],"author":[{"embeddable":true,"href":"https:\/\/public.kantarpolska.com\/archiwumraportow\/wp-json\/wp\/v2\/users\/1"}],"replies":[{"embeddable":true,"href":"https:\/\/public.kantarpolska.com\/archiwumraportow\/wp-json\/wp\/v2\/comments?post=358"}],"version-history":[{"count":0,"href":"https:\/\/public.kantarpolska.com\/archiwumraportow\/wp-json\/wp\/v2\/posts\/358\/revisions"}],"wp:attachment":[{"href":"https:\/\/public.kantarpolska.com\/archiwumraportow\/wp-json\/wp\/v2\/media?parent=358"}],"wp:term":[{"taxonomy":"category","embeddable":true,"href":"https:\/\/public.kantarpolska.com\/archiwumraportow\/wp-json\/wp\/v2\/categories?post=358"},{"taxonomy":"post_tag","embeddable":true,"href":"https:\/\/public.kantarpolska.com\/archiwumraportow\/wp-json\/wp\/v2\/tags?post=358"}],"curies":[{"name":"wp","href":"https:\/\/api.w.org\/{rel}","templated":true}]}}