
{"id":355,"date":"2000-09-04T00:00:00","date_gmt":"2000-09-04T00:00:00","guid":{"rendered":"https:\/\/www.tnsglobal.pl\/archiwumraportow\/2000\/09\/04\/preferencje-prezydenckie-piec-tygodni-przed-wyborami\/"},"modified":"2000-09-04T00:00:00","modified_gmt":"2000-09-04T00:00:00","slug":"preferencje-prezydenckie-piec-tygodni-przed-wyborami","status":"publish","type":"post","link":"https:\/\/public.kantarpolska.com\/archiwumraportow\/2000\/09\/04\/preferencje-prezydenckie-piec-tygodni-przed-wyborami\/","title":{"rendered":"Preferencje prezydenckie pi\u0119\u0107 tygodni przed wyborami"},"content":{"rendered":"<p>W pierwszy weekend wrze\u015bnia, na pi\u0119\u0107 tygodni przed wyborami prezydenckimi przeprowadzili\u015bmy kolejny pomiar poparcia dla os\u00f3b, kt\u00f3re ubiega\u0107 si\u0119 b\u0119d\u0105 o najwy\u017cszy urz\u0105d w pa\u0144stwie. W naszym poprzednim<!--more--> sonda\u017cu, zrealizowanym w drugiej po\u0142owie sierpnia, na li\u015bcie kandydat\u00f3w prezentowanej respondentom przedstawili\u015bmy wszystkich tych, kt\u00f3rzy w Pa\u0144stwowej Komisji Wyborczej zarejestrowali swoje komitety (przy czym nie wiadomo by\u0142o jeszcze, ile i kt\u00f3re z komitet\u00f3w wyst\u0105pi\u0105 o rejestracj\u0119 kandydata i spe\u0142ni\u0105 niezb\u0119dne do tego wymagania). Teraz &#8211; po zako\u0144czeniu przez PKW rejestracji nie tylko komitet\u00f3w, ale i rejestracji kandydat\u00f3w &#8211; zapytali\u015bmy Polak\u00f3w o gotowo\u015b\u0107 udzielenia poparcia jednemu z trzynastu pretendent\u00f3w do najwy\u017cszego urz\u0119du w pa\u0144stwie. Obok pytania, kt\u00f3re pokazuje aktualne preferencje ludzi zamierzaj\u0105cych g\u0142osowa\u0107, sondowali\u015bmy r\u00f3wnie\u017c gotowo\u015b\u0107 i kierunek ewentualnej zmiany decyzji oraz to, kt\u00f3rzy z kandydat\u00f3w wzbudzaj\u0105 najwi\u0119ksz\u0105 niech\u0119\u0107. Przypomnijmy w tym miejscu, \u017ce odczytuj\u0105c wyniki preferencji wyborczych nale\u017cy bra\u0107 pod uwag\u0119 aktualn\u0105 sytuacj\u0119 polityczn\u0105, jaka mia\u0142a miejsce w momencie realizacji badania. Nasz sonda\u017c przeprowadzony zosta\u0142 przed zg\u0142oszeniem przez prezydenta weta do ustawy uw\u0142aszczeniowej. Wcze\u015bniej jednak pojawia\u0142y si\u0119 ju\u017c informacje sugeruj\u0105ce, \u017ce Aleksander Kwa\u015bniewski najprawdopodobniej tak\u0105 w\u0142a\u015bnie decyzj\u0119 podejmie.rn<\/p>\n<div class=\"infopay\">Raport udost\u0119pniany jest bezp\u0142atnie, w us\u0142udze &#8222;udost\u0119pnij aby pobra\u0107&#8221;.<br \/>\n          <b>Na czym to polega?<\/b> Raport b\u0119dzie dost\u0119pny do pobrania w pdf po udost\u0119pnieniu wpisu z linkiem do Archiwum Raport\u00f3w TNS Polska na wybranym serwisie spo\u0142eczno\u015bciowym: Facebooku lub Twitterze.\n          <\/div>\n","protected":false},"excerpt":{"rendered":"<p>W pierwszy weekend wrze\u015bnia, na pi\u0119\u0107 tygodni przed wyborami prezydenckimi przeprowadzili\u015bmy kolejny pomiar poparcia dla os\u00f3b, kt\u00f3re ubiega\u0107 si\u0119 b\u0119d\u0105 o najwy\u017cszy urz\u0105d w pa\u0144stwie. W naszym poprzednim<\/p>\n","protected":false},"author":1,"featured_media":0,"comment_status":"closed","ping_status":"closed","sticky":false,"template":"","format":"standard","meta":{"ngg_post_thumbnail":0},"categories":[1],"tags":[],"_links":{"self":[{"href":"https:\/\/public.kantarpolska.com\/archiwumraportow\/wp-json\/wp\/v2\/posts\/355"}],"collection":[{"href":"https:\/\/public.kantarpolska.com\/archiwumraportow\/wp-json\/wp\/v2\/posts"}],"about":[{"href":"https:\/\/public.kantarpolska.com\/archiwumraportow\/wp-json\/wp\/v2\/types\/post"}],"author":[{"embeddable":true,"href":"https:\/\/public.kantarpolska.com\/archiwumraportow\/wp-json\/wp\/v2\/users\/1"}],"replies":[{"embeddable":true,"href":"https:\/\/public.kantarpolska.com\/archiwumraportow\/wp-json\/wp\/v2\/comments?post=355"}],"version-history":[{"count":0,"href":"https:\/\/public.kantarpolska.com\/archiwumraportow\/wp-json\/wp\/v2\/posts\/355\/revisions"}],"wp:attachment":[{"href":"https:\/\/public.kantarpolska.com\/archiwumraportow\/wp-json\/wp\/v2\/media?parent=355"}],"wp:term":[{"taxonomy":"category","embeddable":true,"href":"https:\/\/public.kantarpolska.com\/archiwumraportow\/wp-json\/wp\/v2\/categories?post=355"},{"taxonomy":"post_tag","embeddable":true,"href":"https:\/\/public.kantarpolska.com\/archiwumraportow\/wp-json\/wp\/v2\/tags?post=355"}],"curies":[{"name":"wp","href":"https:\/\/api.w.org\/{rel}","templated":true}]}}