
{"id":353,"date":"2000-08-21T00:00:00","date_gmt":"2000-08-21T00:00:00","guid":{"rendered":"https:\/\/www.tnsglobal.pl\/archiwumraportow\/2000\/08\/21\/polacy-o-projekcie-ustawy-uwlaszczeniowej\/"},"modified":"2000-08-21T00:00:00","modified_gmt":"2000-08-21T00:00:00","slug":"polacy-o-projekcie-ustawy-uwlaszczeniowej","status":"publish","type":"post","link":"https:\/\/public.kantarpolska.com\/archiwumraportow\/2000\/08\/21\/polacy-o-projekcie-ustawy-uwlaszczeniowej\/","title":{"rendered":"Polacy o projekcie ustawy uw\u0142aszczeniowej"},"content":{"rendered":"<p>Czy Polacy interesuj\u0105 si\u0119 przygotowywan\u0105 przez parlament ustaw\u0105 uw\u0142aszczeniow\u0105? Czy wiedz\u0105 na czym uw\u0142aszczenie ma polega\u0107? Co spodziewaj\u0105 si\u0119 dzi\u0119ki niemu zyska\u0107? Jaka jest spo\u0142eczna percepcja przygotowywanej<!--more--> ustawy? Odpowiedzi na te pytania przynosi przeprowadzony w drugiej po\u0142owie sierpnia sonda\u017c TNS OBOP.<\/p>\n<div class=\"infopay\">Raport udost\u0119pniany jest bezp\u0142atnie, w us\u0142udze &#8222;udost\u0119pnij aby pobra\u0107&#8221;.<br \/>\n          <b>Na czym to polega?<\/b> Raport b\u0119dzie dost\u0119pny do pobrania w pdf po udost\u0119pnieniu wpisu z linkiem do Archiwum Raport\u00f3w TNS Polska na wybranym serwisie spo\u0142eczno\u015bciowym: Facebooku lub Twitterze.\n          <\/div>\n","protected":false},"excerpt":{"rendered":"<p>Czy Polacy interesuj\u0105 si\u0119 przygotowywan\u0105 przez parlament ustaw\u0105 uw\u0142aszczeniow\u0105? Czy wiedz\u0105 na czym uw\u0142aszczenie ma polega\u0107? Co spodziewaj\u0105 si\u0119 dzi\u0119ki niemu zyska\u0107? Jaka jest spo\u0142eczna percepcja przygotowywanej<\/p>\n","protected":false},"author":1,"featured_media":0,"comment_status":"closed","ping_status":"closed","sticky":false,"template":"","format":"standard","meta":{"ngg_post_thumbnail":0},"categories":[1],"tags":[],"_links":{"self":[{"href":"https:\/\/public.kantarpolska.com\/archiwumraportow\/wp-json\/wp\/v2\/posts\/353"}],"collection":[{"href":"https:\/\/public.kantarpolska.com\/archiwumraportow\/wp-json\/wp\/v2\/posts"}],"about":[{"href":"https:\/\/public.kantarpolska.com\/archiwumraportow\/wp-json\/wp\/v2\/types\/post"}],"author":[{"embeddable":true,"href":"https:\/\/public.kantarpolska.com\/archiwumraportow\/wp-json\/wp\/v2\/users\/1"}],"replies":[{"embeddable":true,"href":"https:\/\/public.kantarpolska.com\/archiwumraportow\/wp-json\/wp\/v2\/comments?post=353"}],"version-history":[{"count":0,"href":"https:\/\/public.kantarpolska.com\/archiwumraportow\/wp-json\/wp\/v2\/posts\/353\/revisions"}],"wp:attachment":[{"href":"https:\/\/public.kantarpolska.com\/archiwumraportow\/wp-json\/wp\/v2\/media?parent=353"}],"wp:term":[{"taxonomy":"category","embeddable":true,"href":"https:\/\/public.kantarpolska.com\/archiwumraportow\/wp-json\/wp\/v2\/categories?post=353"},{"taxonomy":"post_tag","embeddable":true,"href":"https:\/\/public.kantarpolska.com\/archiwumraportow\/wp-json\/wp\/v2\/tags?post=353"}],"curies":[{"name":"wp","href":"https:\/\/api.w.org\/{rel}","templated":true}]}}