
{"id":348,"date":"2000-08-07T00:00:00","date_gmt":"2000-08-07T00:00:00","guid":{"rendered":"https:\/\/www.tnsglobal.pl\/archiwumraportow\/2000\/08\/07\/sierpien-80-po-dwudziestu-latach\/"},"modified":"2000-08-07T00:00:00","modified_gmt":"2000-08-07T00:00:00","slug":"sierpien-80-po-dwudziestu-latach","status":"publish","type":"post","link":"https:\/\/public.kantarpolska.com\/archiwumraportow\/2000\/08\/07\/sierpien-80-po-dwudziestu-latach\/","title":{"rendered":"Sierpie\u0144 `80 po dwudziestu latach."},"content":{"rendered":"<p>Z okazji dwudziestej rocznicy Sierpnia 1980 roku TNS OBOP przeprowadzi\u0142 w pierwszej po\u0142owie sierpnia sonda\u017c opinii Polak\u00f3w o wydarzeniach z tego okresu: zapytano o poczucie poinformowania o<!--more--> tych wydarzeniach, ocen\u0119 ich znaczenia w powojennej historii Polski, poproszono o wskazanie najwa\u017cniejszych wydarze\u0144 i wymienienie os\u00f3b zas\u0142uguj\u0105cych na szczeg\u00f3ln\u0105 pami\u0119\u0107 oraz o ocen\u0119 z perspektywy dwudziestu lat sens podejmowania akcji strajkowych.<\/p>\n<div class=\"infopay\">Raport udost\u0119pniany jest bezp\u0142atnie, w us\u0142udze &#8222;udost\u0119pnij aby pobra\u0107&#8221;.<br \/>\n          <b>Na czym to polega?<\/b> Raport b\u0119dzie dost\u0119pny do pobrania w pdf po udost\u0119pnieniu wpisu z linkiem do Archiwum Raport\u00f3w TNS Polska na wybranym serwisie spo\u0142eczno\u015bciowym: Facebooku lub Twitterze.\n          <\/div>\n","protected":false},"excerpt":{"rendered":"<p>Z okazji dwudziestej rocznicy Sierpnia 1980 roku TNS OBOP przeprowadzi\u0142 w pierwszej po\u0142owie sierpnia sonda\u017c opinii Polak\u00f3w o wydarzeniach z tego okresu: zapytano o poczucie poinformowania o<\/p>\n","protected":false},"author":1,"featured_media":0,"comment_status":"closed","ping_status":"closed","sticky":false,"template":"","format":"standard","meta":{"ngg_post_thumbnail":0},"categories":[1],"tags":[],"_links":{"self":[{"href":"https:\/\/public.kantarpolska.com\/archiwumraportow\/wp-json\/wp\/v2\/posts\/348"}],"collection":[{"href":"https:\/\/public.kantarpolska.com\/archiwumraportow\/wp-json\/wp\/v2\/posts"}],"about":[{"href":"https:\/\/public.kantarpolska.com\/archiwumraportow\/wp-json\/wp\/v2\/types\/post"}],"author":[{"embeddable":true,"href":"https:\/\/public.kantarpolska.com\/archiwumraportow\/wp-json\/wp\/v2\/users\/1"}],"replies":[{"embeddable":true,"href":"https:\/\/public.kantarpolska.com\/archiwumraportow\/wp-json\/wp\/v2\/comments?post=348"}],"version-history":[{"count":0,"href":"https:\/\/public.kantarpolska.com\/archiwumraportow\/wp-json\/wp\/v2\/posts\/348\/revisions"}],"wp:attachment":[{"href":"https:\/\/public.kantarpolska.com\/archiwumraportow\/wp-json\/wp\/v2\/media?parent=348"}],"wp:term":[{"taxonomy":"category","embeddable":true,"href":"https:\/\/public.kantarpolska.com\/archiwumraportow\/wp-json\/wp\/v2\/categories?post=348"},{"taxonomy":"post_tag","embeddable":true,"href":"https:\/\/public.kantarpolska.com\/archiwumraportow\/wp-json\/wp\/v2\/tags?post=348"}],"curies":[{"name":"wp","href":"https:\/\/api.w.org\/{rel}","templated":true}]}}