
{"id":347,"date":"2000-08-07T00:00:00","date_gmt":"2000-08-07T00:00:00","guid":{"rendered":"https:\/\/www.tnsglobal.pl\/archiwumraportow\/2000\/08\/07\/preferencje-prezydenckie-na-poczatku-sierpnia-2000-r\/"},"modified":"2000-08-07T00:00:00","modified_gmt":"2000-08-07T00:00:00","slug":"preferencje-prezydenckie-na-poczatku-sierpnia-2000-r","status":"publish","type":"post","link":"https:\/\/public.kantarpolska.com\/archiwumraportow\/2000\/08\/07\/preferencje-prezydenckie-na-poczatku-sierpnia-2000-r\/","title":{"rendered":"Preferencje prezydenckie na pocz\u0105tku sierpnia 2000 r."},"content":{"rendered":"<p>W sonda\u017cu realizowanym na pocz\u0105tku sierpnia zapytali\u015bmy Polak\u00f3w o zbli\u017caj\u0105ce si\u0119 wybory prezydenckie &#8211; czy interesuj\u0105 si\u0119 po\u015bwi\u0119conymi tej tematyce informacjami, czy zmierzaj\u0105 uczestniczy\u0107 w g\u0142osowaniu, jakie<!--more--> dzi\u015b maj\u0105 preferencje, czy maj\u0105 kandydat\u00f3w rezerwowych i je\u015bli tak, to jakich oraz kt\u00f3rzy z potencjalnych kandydat\u00f3w na prezydenta budz\u0105 ich najwi\u0119ksz\u0105 niech\u0119\u0107. Nasze badanie realizowane by\u0142o jeszcze przed up\u0142yni\u0119ciem terminu zg\u0142aszania komitet\u00f3w wyborczych.rn<\/p>\n<div class=\"infopay\">Raport udost\u0119pniany jest bezp\u0142atnie, w us\u0142udze &#8222;udost\u0119pnij aby pobra\u0107&#8221;.<br \/>\n          <b>Na czym to polega?<\/b> Raport b\u0119dzie dost\u0119pny do pobrania w pdf po udost\u0119pnieniu wpisu z linkiem do Archiwum Raport\u00f3w TNS Polska na wybranym serwisie spo\u0142eczno\u015bciowym: Facebooku lub Twitterze.\n          <\/div>\n","protected":false},"excerpt":{"rendered":"<p>W sonda\u017cu realizowanym na pocz\u0105tku sierpnia zapytali\u015bmy Polak\u00f3w o zbli\u017caj\u0105ce si\u0119 wybory prezydenckie &#8211; czy interesuj\u0105 si\u0119 po\u015bwi\u0119conymi tej tematyce informacjami, czy zmierzaj\u0105 uczestniczy\u0107 w g\u0142osowaniu, jakie<\/p>\n","protected":false},"author":1,"featured_media":0,"comment_status":"closed","ping_status":"closed","sticky":false,"template":"","format":"standard","meta":{"ngg_post_thumbnail":0},"categories":[1],"tags":[],"_links":{"self":[{"href":"https:\/\/public.kantarpolska.com\/archiwumraportow\/wp-json\/wp\/v2\/posts\/347"}],"collection":[{"href":"https:\/\/public.kantarpolska.com\/archiwumraportow\/wp-json\/wp\/v2\/posts"}],"about":[{"href":"https:\/\/public.kantarpolska.com\/archiwumraportow\/wp-json\/wp\/v2\/types\/post"}],"author":[{"embeddable":true,"href":"https:\/\/public.kantarpolska.com\/archiwumraportow\/wp-json\/wp\/v2\/users\/1"}],"replies":[{"embeddable":true,"href":"https:\/\/public.kantarpolska.com\/archiwumraportow\/wp-json\/wp\/v2\/comments?post=347"}],"version-history":[{"count":0,"href":"https:\/\/public.kantarpolska.com\/archiwumraportow\/wp-json\/wp\/v2\/posts\/347\/revisions"}],"wp:attachment":[{"href":"https:\/\/public.kantarpolska.com\/archiwumraportow\/wp-json\/wp\/v2\/media?parent=347"}],"wp:term":[{"taxonomy":"category","embeddable":true,"href":"https:\/\/public.kantarpolska.com\/archiwumraportow\/wp-json\/wp\/v2\/categories?post=347"},{"taxonomy":"post_tag","embeddable":true,"href":"https:\/\/public.kantarpolska.com\/archiwumraportow\/wp-json\/wp\/v2\/tags?post=347"}],"curies":[{"name":"wp","href":"https:\/\/api.w.org\/{rel}","templated":true}]}}