
{"id":329,"date":"2000-06-13T00:00:00","date_gmt":"2000-06-13T00:00:00","guid":{"rendered":"https:\/\/www.tnsglobal.pl\/archiwumraportow\/2000\/06\/13\/preferencje-prezydenckie-w-czerwcu-2000-r\/"},"modified":"2000-06-13T00:00:00","modified_gmt":"2000-06-13T00:00:00","slug":"preferencje-prezydenckie-w-czerwcu-2000-r","status":"publish","type":"post","link":"https:\/\/public.kantarpolska.com\/archiwumraportow\/2000\/06\/13\/preferencje-prezydenckie-w-czerwcu-2000-r\/","title":{"rendered":"Preferencje prezydenckie w czerwcu 2000 r."},"content":{"rendered":"<p>Cztery miesi\u0105ce przed wyborami prezydenckimi przeprowadzili\u015bmy kolejne badanie dotycz\u0105ce preferencji wyborczych Polak\u00f3w. Tradycyjnie pytali\u015bmy ju\u017c o wielko\u015b\u0107 zainteresowania zbli\u017caj\u0105cym si\u0119 g\u0142osowaniem oraz gotowo\u015b\u0107 uczestnictwa w nim. Osobom zainteresowanym<!--more--> p\u00f3j\u015bciem do wybor\u00f3w przedstawili\u015bmy uaktualnion\u0105 list\u0119 z ewentualnymi kandydatami na prezydenta z pro\u015bb\u0105, aby wskazali tego polityka, na kt\u00f3rego teraz by g\u0142osowali; takiego, kt\u00f3rego gotowi byliby ewentualnie poprze\u0107 &#8211; gdyby okaza\u0142o si\u0119, \u017ce ich kandydat nie startowa\u0142by oraz o to, na kt\u00f3r\u0105 z tych os\u00f3b na pewno nie oddaliby g\u0142osu.<\/p>\n<div class=\"infopay\">Raport udost\u0119pniany jest bezp\u0142atnie, w us\u0142udze &#8222;udost\u0119pnij aby pobra\u0107&#8221;.<br \/>\n          <b>Na czym to polega?<\/b> Raport b\u0119dzie dost\u0119pny do pobrania w pdf po udost\u0119pnieniu wpisu z linkiem do Archiwum Raport\u00f3w TNS Polska na wybranym serwisie spo\u0142eczno\u015bciowym: Facebooku lub Twitterze.\n          <\/div>\n","protected":false},"excerpt":{"rendered":"<p>Cztery miesi\u0105ce przed wyborami prezydenckimi przeprowadzili\u015bmy kolejne badanie dotycz\u0105ce preferencji wyborczych Polak\u00f3w. Tradycyjnie pytali\u015bmy ju\u017c o wielko\u015b\u0107 zainteresowania zbli\u017caj\u0105cym si\u0119 g\u0142osowaniem oraz gotowo\u015b\u0107 uczestnictwa w nim. Osobom zainteresowanym<\/p>\n","protected":false},"author":1,"featured_media":0,"comment_status":"closed","ping_status":"closed","sticky":false,"template":"","format":"standard","meta":{"ngg_post_thumbnail":0},"categories":[1],"tags":[],"_links":{"self":[{"href":"https:\/\/public.kantarpolska.com\/archiwumraportow\/wp-json\/wp\/v2\/posts\/329"}],"collection":[{"href":"https:\/\/public.kantarpolska.com\/archiwumraportow\/wp-json\/wp\/v2\/posts"}],"about":[{"href":"https:\/\/public.kantarpolska.com\/archiwumraportow\/wp-json\/wp\/v2\/types\/post"}],"author":[{"embeddable":true,"href":"https:\/\/public.kantarpolska.com\/archiwumraportow\/wp-json\/wp\/v2\/users\/1"}],"replies":[{"embeddable":true,"href":"https:\/\/public.kantarpolska.com\/archiwumraportow\/wp-json\/wp\/v2\/comments?post=329"}],"version-history":[{"count":0,"href":"https:\/\/public.kantarpolska.com\/archiwumraportow\/wp-json\/wp\/v2\/posts\/329\/revisions"}],"wp:attachment":[{"href":"https:\/\/public.kantarpolska.com\/archiwumraportow\/wp-json\/wp\/v2\/media?parent=329"}],"wp:term":[{"taxonomy":"category","embeddable":true,"href":"https:\/\/public.kantarpolska.com\/archiwumraportow\/wp-json\/wp\/v2\/categories?post=329"},{"taxonomy":"post_tag","embeddable":true,"href":"https:\/\/public.kantarpolska.com\/archiwumraportow\/wp-json\/wp\/v2\/tags?post=329"}],"curies":[{"name":"wp","href":"https:\/\/api.w.org\/{rel}","templated":true}]}}