
{"id":327,"date":"2000-06-13T00:00:00","date_gmt":"2000-06-13T00:00:00","guid":{"rendered":"https:\/\/www.tnsglobal.pl\/archiwumraportow\/2000\/06\/13\/preferencje-partyjne-polakow-w-czerwcu-2000-r\/"},"modified":"2000-06-13T00:00:00","modified_gmt":"2000-06-13T00:00:00","slug":"preferencje-partyjne-polakow-w-czerwcu-2000-r","status":"publish","type":"post","link":"https:\/\/public.kantarpolska.com\/archiwumraportow\/2000\/06\/13\/preferencje-partyjne-polakow-w-czerwcu-2000-r\/","title":{"rendered":"Preferencje partyjne Polak\u00f3w w czerwcu 2000 r."},"content":{"rendered":"<p>Kryzys koalicyjny zako\u0144czy\u0142 si\u0119 ostatecznie wyj\u015bciem Unii Wolno\u015bci z rz\u0105du Jerzego Buzka i powstaniem gabinetu mniejszo\u015bciowego. W drugi weekend czerwca, wtedy gdy decyzje te sta\u0142y si\u0119 dla opinii publicznej<!--more--> faktem, przeprowadzili\u015bmy kolejne badanie dotycz\u0105ce popularno\u015bci poszczeg\u00f3lnych partii politycznych w naszym kraju. Szczeg\u00f3lnie interesuj\u0105ce wydaje si\u0119 by\u0107 mo\u017cliwo\u015b\u0107 por\u00f3wnania tych wynik\u00f3w przede wszystkim z dwoma pomiarami majowym &#8211; pierwszy z nich mia\u0142 miejsce tu\u017c przed kryzysem, a drugi &#8211; w jego trakcie.<\/p>\n<div class=\"infopay\">Raport udost\u0119pniany jest bezp\u0142atnie, w us\u0142udze &#8222;udost\u0119pnij aby pobra\u0107&#8221;.<br \/>\n          <b>Na czym to polega?<\/b> Raport b\u0119dzie dost\u0119pny do pobrania w pdf po udost\u0119pnieniu wpisu z linkiem do Archiwum Raport\u00f3w TNS Polska na wybranym serwisie spo\u0142eczno\u015bciowym: Facebooku lub Twitterze.\n          <\/div>\n","protected":false},"excerpt":{"rendered":"<p>Kryzys koalicyjny zako\u0144czy\u0142 si\u0119 ostatecznie wyj\u015bciem Unii Wolno\u015bci z rz\u0105du Jerzego Buzka i powstaniem gabinetu mniejszo\u015bciowego. W drugi weekend czerwca, wtedy gdy decyzje te sta\u0142y si\u0119 dla opinii publicznej<\/p>\n","protected":false},"author":1,"featured_media":0,"comment_status":"closed","ping_status":"closed","sticky":false,"template":"","format":"standard","meta":{"ngg_post_thumbnail":0},"categories":[1],"tags":[],"_links":{"self":[{"href":"https:\/\/public.kantarpolska.com\/archiwumraportow\/wp-json\/wp\/v2\/posts\/327"}],"collection":[{"href":"https:\/\/public.kantarpolska.com\/archiwumraportow\/wp-json\/wp\/v2\/posts"}],"about":[{"href":"https:\/\/public.kantarpolska.com\/archiwumraportow\/wp-json\/wp\/v2\/types\/post"}],"author":[{"embeddable":true,"href":"https:\/\/public.kantarpolska.com\/archiwumraportow\/wp-json\/wp\/v2\/users\/1"}],"replies":[{"embeddable":true,"href":"https:\/\/public.kantarpolska.com\/archiwumraportow\/wp-json\/wp\/v2\/comments?post=327"}],"version-history":[{"count":0,"href":"https:\/\/public.kantarpolska.com\/archiwumraportow\/wp-json\/wp\/v2\/posts\/327\/revisions"}],"wp:attachment":[{"href":"https:\/\/public.kantarpolska.com\/archiwumraportow\/wp-json\/wp\/v2\/media?parent=327"}],"wp:term":[{"taxonomy":"category","embeddable":true,"href":"https:\/\/public.kantarpolska.com\/archiwumraportow\/wp-json\/wp\/v2\/categories?post=327"},{"taxonomy":"post_tag","embeddable":true,"href":"https:\/\/public.kantarpolska.com\/archiwumraportow\/wp-json\/wp\/v2\/tags?post=327"}],"curies":[{"name":"wp","href":"https:\/\/api.w.org\/{rel}","templated":true}]}}