
{"id":3216,"date":"1996-03-12T00:00:00","date_gmt":"1996-03-12T00:00:00","guid":{"rendered":"https:\/\/www.tnsglobal.pl\/archiwumraportow\/1996\/03\/12\/osoby-ktore-juz-wstaly-po-nocnym-wypoczynku-oraz-nie-sa-w-szkole-ani-w-pracy-dane-ogolem-i-dla-osob-w-wieku-15-19-lat\/"},"modified":"1996-03-12T00:00:00","modified_gmt":"1996-03-12T00:00:00","slug":"osoby-ktore-juz-wstaly-po-nocnym-wypoczynku-oraz-nie-sa-w-szkole-ani-w-pracy-dane-ogolem-i-dla-osob-w-wieku-15-19-lat","status":"publish","type":"post","link":"https:\/\/public.kantarpolska.com\/archiwumraportow\/1996\/03\/12\/osoby-ktore-juz-wstaly-po-nocnym-wypoczynku-oraz-nie-sa-w-szkole-ani-w-pracy-dane-ogolem-i-dla-osob-w-wieku-15-19-lat\/","title":{"rendered":"Osoby, kt\u00f3re ju\u017c wsta\u0142y po nocnym wypoczynku oraz  nie s\u0105 w szkole ani w pracy. Dane og\u00f3\u0142em i dla os\u00f3b w wieku 15-19 lat."},"content":{"rendered":"<div class=\"infopay\">Raport udost\u0119pniany jest bezp\u0142atnie, w us\u0142udze &#8222;udost\u0119pnij aby pobra\u0107&#8221;.<br \/>\n          <b>Na czym to polega?<\/b> Raport b\u0119dzie dost\u0119pny do pobrania w pdf po udost\u0119pnieniu wpisu z linkiem do Archiwum Raport\u00f3w TNS Polska na wybranym serwisie spo\u0142eczno\u015bciowym: Facebooku lub Twitterze.\n          <\/div>\n<p>        <!--more--><\/p>\n","protected":false},"excerpt":{"rendered":"<p>Raport udost\u0119pniany jest bezp\u0142atnie, w us\u0142udze &#8222;udost\u0119pnij aby pobra\u0107&#8221;. Na czym to polega? Raport b\u0119dzie dost\u0119pny do pobrania w pdf po udost\u0119pnieniu wpisu z linkiem do Archiwum Raport\u00f3w TNS Polska na wybranym serwisie spo\u0142eczno\u015bciowym: Facebooku lub Twitterze.<\/p>\n","protected":false},"author":1,"featured_media":0,"comment_status":"closed","ping_status":"closed","sticky":false,"template":"","format":"standard","meta":{"ngg_post_thumbnail":0},"categories":[1],"tags":[],"_links":{"self":[{"href":"https:\/\/public.kantarpolska.com\/archiwumraportow\/wp-json\/wp\/v2\/posts\/3216"}],"collection":[{"href":"https:\/\/public.kantarpolska.com\/archiwumraportow\/wp-json\/wp\/v2\/posts"}],"about":[{"href":"https:\/\/public.kantarpolska.com\/archiwumraportow\/wp-json\/wp\/v2\/types\/post"}],"author":[{"embeddable":true,"href":"https:\/\/public.kantarpolska.com\/archiwumraportow\/wp-json\/wp\/v2\/users\/1"}],"replies":[{"embeddable":true,"href":"https:\/\/public.kantarpolska.com\/archiwumraportow\/wp-json\/wp\/v2\/comments?post=3216"}],"version-history":[{"count":0,"href":"https:\/\/public.kantarpolska.com\/archiwumraportow\/wp-json\/wp\/v2\/posts\/3216\/revisions"}],"wp:attachment":[{"href":"https:\/\/public.kantarpolska.com\/archiwumraportow\/wp-json\/wp\/v2\/media?parent=3216"}],"wp:term":[{"taxonomy":"category","embeddable":true,"href":"https:\/\/public.kantarpolska.com\/archiwumraportow\/wp-json\/wp\/v2\/categories?post=3216"},{"taxonomy":"post_tag","embeddable":true,"href":"https:\/\/public.kantarpolska.com\/archiwumraportow\/wp-json\/wp\/v2\/tags?post=3216"}],"curies":[{"name":"wp","href":"https:\/\/api.w.org\/{rel}","templated":true}]}}