
{"id":321,"date":"1999-10-04T00:00:00","date_gmt":"1999-10-04T00:00:00","guid":{"rendered":"https:\/\/www.tnsglobal.pl\/archiwumraportow\/1999\/10\/04\/napiecia-spoleczne-i-strajki-w-opinii-polakow-pazdziernik\/"},"modified":"1999-10-04T00:00:00","modified_gmt":"1999-10-04T00:00:00","slug":"napiecia-spoleczne-i-strajki-w-opinii-polakow-pazdziernik","status":"publish","type":"post","link":"https:\/\/public.kantarpolska.com\/archiwumraportow\/1999\/10\/04\/napiecia-spoleczne-i-strajki-w-opinii-polakow-pazdziernik\/","title":{"rendered":"Napi\u0119cia spo\u0142eczne i strajki w opinii Polak\u00f3w &#8211; pa\u017adziernik"},"content":{"rendered":"<p>Komunikat zawiera opracowanie wynik\u00f3w sonda\u017cu zrealizowanego w po\u0142owie pa\u017adziernika na temat zorientowania w\u0142adz w nastrojach Polak\u00f3w, spo\u0142ecznego poczucia niepokoju i napi\u0119cia,  poparcia dla akcji strajkowych oraz aprobaty dla<!--more--> postulat\u00f3w protestuj\u0105cych grup zawodowych. Dane prezentujemy r\u00f3wnie\u017c na tle wcze\u015bniejszych bada\u0144 na ten temat.<\/p>\n<div class=\"infopay\">Raport udost\u0119pniany jest bezp\u0142atnie, w us\u0142udze &#8222;udost\u0119pnij aby pobra\u0107&#8221;.<br \/>\n          <b>Na czym to polega?<\/b> Raport b\u0119dzie dost\u0119pny do pobrania w pdf po udost\u0119pnieniu wpisu z linkiem do Archiwum Raport\u00f3w TNS Polska na wybranym serwisie spo\u0142eczno\u015bciowym: Facebooku lub Twitterze.\n          <\/div>\n","protected":false},"excerpt":{"rendered":"<p>Komunikat zawiera opracowanie wynik\u00f3w sonda\u017cu zrealizowanego w po\u0142owie pa\u017adziernika na temat zorientowania w\u0142adz w nastrojach Polak\u00f3w, spo\u0142ecznego poczucia niepokoju i napi\u0119cia, poparcia dla akcji strajkowych oraz aprobaty dla<\/p>\n","protected":false},"author":1,"featured_media":0,"comment_status":"closed","ping_status":"closed","sticky":false,"template":"","format":"standard","meta":{"ngg_post_thumbnail":0},"categories":[1],"tags":[],"_links":{"self":[{"href":"https:\/\/public.kantarpolska.com\/archiwumraportow\/wp-json\/wp\/v2\/posts\/321"}],"collection":[{"href":"https:\/\/public.kantarpolska.com\/archiwumraportow\/wp-json\/wp\/v2\/posts"}],"about":[{"href":"https:\/\/public.kantarpolska.com\/archiwumraportow\/wp-json\/wp\/v2\/types\/post"}],"author":[{"embeddable":true,"href":"https:\/\/public.kantarpolska.com\/archiwumraportow\/wp-json\/wp\/v2\/users\/1"}],"replies":[{"embeddable":true,"href":"https:\/\/public.kantarpolska.com\/archiwumraportow\/wp-json\/wp\/v2\/comments?post=321"}],"version-history":[{"count":0,"href":"https:\/\/public.kantarpolska.com\/archiwumraportow\/wp-json\/wp\/v2\/posts\/321\/revisions"}],"wp:attachment":[{"href":"https:\/\/public.kantarpolska.com\/archiwumraportow\/wp-json\/wp\/v2\/media?parent=321"}],"wp:term":[{"taxonomy":"category","embeddable":true,"href":"https:\/\/public.kantarpolska.com\/archiwumraportow\/wp-json\/wp\/v2\/categories?post=321"},{"taxonomy":"post_tag","embeddable":true,"href":"https:\/\/public.kantarpolska.com\/archiwumraportow\/wp-json\/wp\/v2\/tags?post=321"}],"curies":[{"name":"wp","href":"https:\/\/api.w.org\/{rel}","templated":true}]}}