
{"id":317,"date":"1999-10-04T00:00:00","date_gmt":"1999-10-04T00:00:00","guid":{"rendered":"https:\/\/www.tnsglobal.pl\/archiwumraportow\/1999\/10\/04\/polacy-o-lustracji-i-dekomunizacji-pazdziernik-1999\/"},"modified":"1999-10-04T00:00:00","modified_gmt":"1999-10-04T00:00:00","slug":"polacy-o-lustracji-i-dekomunizacji-pazdziernik-1999","status":"publish","type":"post","link":"https:\/\/public.kantarpolska.com\/archiwumraportow\/1999\/10\/04\/polacy-o-lustracji-i-dekomunizacji-pazdziernik-1999\/","title":{"rendered":"Polacy o lustracji i dekomunizacji &#8211; pa\u017adziernik 1999"},"content":{"rendered":"<p>kolejny raz OBOP zapyta\u0142 Polak\u00f3w o ich stosunek do by\u0142ych wsp\u00f3\u0142pracownik\u00f3w S\u0142u\u017cby Bezpiecze\u0144stwa zajmuj\u0105cych obecnie wysokie stanowiska pa\u0144stwowe. Pytano wi\u0119c o stopie\u0144 przenikni\u0119cia takich os\u00f3b do elit<!--more--> w\u0142adzy, przyzwolenie na ich tam pozostawanie oraz mo\u017cliwo\u015b\u0107 udowodnienia tym osobom wsp\u00f3\u0142pracy z bezpiek\u0105. Sondowali\u015bmy r\u00f3wnie\u017c nasze spo\u0142ecze\u0144stwo pod wzgl\u0119dem konieczno\u015bci przeprowadzania w Polsce dekomunizacji.<\/p>\n<div class=\"infopay\">Raport udost\u0119pniany jest bezp\u0142atnie, w us\u0142udze &#8222;udost\u0119pnij aby pobra\u0107&#8221;.<br \/>\n          <b>Na czym to polega?<\/b> Raport b\u0119dzie dost\u0119pny do pobrania w pdf po udost\u0119pnieniu wpisu z linkiem do Archiwum Raport\u00f3w TNS Polska na wybranym serwisie spo\u0142eczno\u015bciowym: Facebooku lub Twitterze.\n          <\/div>\n","protected":false},"excerpt":{"rendered":"<p>kolejny raz OBOP zapyta\u0142 Polak\u00f3w o ich stosunek do by\u0142ych wsp\u00f3\u0142pracownik\u00f3w S\u0142u\u017cby Bezpiecze\u0144stwa zajmuj\u0105cych obecnie wysokie stanowiska pa\u0144stwowe. Pytano wi\u0119c o stopie\u0144 przenikni\u0119cia takich os\u00f3b do elit<\/p>\n","protected":false},"author":1,"featured_media":0,"comment_status":"closed","ping_status":"closed","sticky":false,"template":"","format":"standard","meta":{"ngg_post_thumbnail":0},"categories":[1],"tags":[],"_links":{"self":[{"href":"https:\/\/public.kantarpolska.com\/archiwumraportow\/wp-json\/wp\/v2\/posts\/317"}],"collection":[{"href":"https:\/\/public.kantarpolska.com\/archiwumraportow\/wp-json\/wp\/v2\/posts"}],"about":[{"href":"https:\/\/public.kantarpolska.com\/archiwumraportow\/wp-json\/wp\/v2\/types\/post"}],"author":[{"embeddable":true,"href":"https:\/\/public.kantarpolska.com\/archiwumraportow\/wp-json\/wp\/v2\/users\/1"}],"replies":[{"embeddable":true,"href":"https:\/\/public.kantarpolska.com\/archiwumraportow\/wp-json\/wp\/v2\/comments?post=317"}],"version-history":[{"count":0,"href":"https:\/\/public.kantarpolska.com\/archiwumraportow\/wp-json\/wp\/v2\/posts\/317\/revisions"}],"wp:attachment":[{"href":"https:\/\/public.kantarpolska.com\/archiwumraportow\/wp-json\/wp\/v2\/media?parent=317"}],"wp:term":[{"taxonomy":"category","embeddable":true,"href":"https:\/\/public.kantarpolska.com\/archiwumraportow\/wp-json\/wp\/v2\/categories?post=317"},{"taxonomy":"post_tag","embeddable":true,"href":"https:\/\/public.kantarpolska.com\/archiwumraportow\/wp-json\/wp\/v2\/tags?post=317"}],"curies":[{"name":"wp","href":"https:\/\/api.w.org\/{rel}","templated":true}]}}