
{"id":303,"date":"1999-09-06T00:00:00","date_gmt":"1999-09-06T00:00:00","guid":{"rendered":"https:\/\/www.tnsglobal.pl\/archiwumraportow\/1999\/09\/06\/polacy-o-protestach-spolecznych\/"},"modified":"1999-09-06T00:00:00","modified_gmt":"1999-09-06T00:00:00","slug":"polacy-o-protestach-spolecznych","status":"publish","type":"post","link":"https:\/\/public.kantarpolska.com\/archiwumraportow\/1999\/09\/06\/polacy-o-protestach-spolecznych\/","title":{"rendered":"Polacy o protestach spo\u0142ecznych"},"content":{"rendered":"<p>Przeprowadzony na pocz\u0105tku wrze\u015bnia sonda\u017c opinii spo\u0142ecznej dotyczy\u0142 protest\u00f3w r\u00f3\u017cnych grup zawodowych: rolnik\u00f3w, piel\u0119gniarek, nauczycieli i g\u00f3rnik\u00f3w. Zapytali\u015bmy Polak\u00f3w o poczucie zorientowania w przyczynach tych protest\u00f3w, opinie o<!--more--> zasadno\u015bci prowadzenia akcji oraz o to, czy rz\u0105dz\u0105cy powinni ust\u0105pi\u0107 protestuj\u0105cym. Badanie poruszy\u0142o r\u00f3wnie\u017c problem wp\u0142ywu akcji protestacyjnych na \u017cycie codzienne ludzi: czy s one dla nich uci\u0105\u017cliwe, czy tez nie.<\/p>\n<div class=\"infopay\">Raport udost\u0119pniany jest bezp\u0142atnie, w us\u0142udze &#8222;udost\u0119pnij aby pobra\u0107&#8221;.<br \/>\n          <b>Na czym to polega?<\/b> Raport b\u0119dzie dost\u0119pny do pobrania w pdf po udost\u0119pnieniu wpisu z linkiem do Archiwum Raport\u00f3w TNS Polska na wybranym serwisie spo\u0142eczno\u015bciowym: Facebooku lub Twitterze.\n          <\/div>\n","protected":false},"excerpt":{"rendered":"<p>Przeprowadzony na pocz\u0105tku wrze\u015bnia sonda\u017c opinii spo\u0142ecznej dotyczy\u0142 protest\u00f3w r\u00f3\u017cnych grup zawodowych: rolnik\u00f3w, piel\u0119gniarek, nauczycieli i g\u00f3rnik\u00f3w. Zapytali\u015bmy Polak\u00f3w o poczucie zorientowania w przyczynach tych protest\u00f3w, opinie o<\/p>\n","protected":false},"author":1,"featured_media":0,"comment_status":"closed","ping_status":"closed","sticky":false,"template":"","format":"standard","meta":{"ngg_post_thumbnail":0},"categories":[1],"tags":[],"_links":{"self":[{"href":"https:\/\/public.kantarpolska.com\/archiwumraportow\/wp-json\/wp\/v2\/posts\/303"}],"collection":[{"href":"https:\/\/public.kantarpolska.com\/archiwumraportow\/wp-json\/wp\/v2\/posts"}],"about":[{"href":"https:\/\/public.kantarpolska.com\/archiwumraportow\/wp-json\/wp\/v2\/types\/post"}],"author":[{"embeddable":true,"href":"https:\/\/public.kantarpolska.com\/archiwumraportow\/wp-json\/wp\/v2\/users\/1"}],"replies":[{"embeddable":true,"href":"https:\/\/public.kantarpolska.com\/archiwumraportow\/wp-json\/wp\/v2\/comments?post=303"}],"version-history":[{"count":0,"href":"https:\/\/public.kantarpolska.com\/archiwumraportow\/wp-json\/wp\/v2\/posts\/303\/revisions"}],"wp:attachment":[{"href":"https:\/\/public.kantarpolska.com\/archiwumraportow\/wp-json\/wp\/v2\/media?parent=303"}],"wp:term":[{"taxonomy":"category","embeddable":true,"href":"https:\/\/public.kantarpolska.com\/archiwumraportow\/wp-json\/wp\/v2\/categories?post=303"},{"taxonomy":"post_tag","embeddable":true,"href":"https:\/\/public.kantarpolska.com\/archiwumraportow\/wp-json\/wp\/v2\/tags?post=303"}],"curies":[{"name":"wp","href":"https:\/\/api.w.org\/{rel}","templated":true}]}}