
{"id":298,"date":"1999-07-27T00:00:00","date_gmt":"1999-07-27T00:00:00","guid":{"rendered":"https:\/\/www.tnsglobal.pl\/archiwumraportow\/1999\/07\/27\/zadowolenie-z-zycia-wsrod-polakow-pod-koniec-xx-wieku\/"},"modified":"1999-07-27T00:00:00","modified_gmt":"1999-07-27T00:00:00","slug":"zadowolenie-z-zycia-wsrod-polakow-pod-koniec-xx-wieku","status":"publish","type":"post","link":"https:\/\/public.kantarpolska.com\/archiwumraportow\/1999\/07\/27\/zadowolenie-z-zycia-wsrod-polakow-pod-koniec-xx-wieku\/","title":{"rendered":"Zadowolenie z \u017cycia w\u015br\u00f3d Polak\u00f3w pod koniec XX wieku"},"content":{"rendered":"<p>\u017badne z obecnych pokole\u0144 Polak\u00f3w nie cieszy\u0142o si\u0119 d\u0142ugotrwa\u0142\u0105 stabilizacj\u0105 warunk\u00f3w, w jakich przysz\u0142o im \u017cy\u0107. W jaki spos\u00f3b oceniaj\u0105 swoje \u017cycie mieszka\u0144cy takiego kraju? OBOP zapyta\u0142<!--more--> o og\u00f3ln\u0105 ocen\u0119 \u017cycia w\u0142asnego i pokolenia swoich r\u00f3wie\u015bnik\u00f3w, stopie\u0144 zadowolenia z \u017cycia, \u017ar\u00f3d\u0142a rado\u015bci i zmartwie\u0144, a tak\u017ce o to, czy ostatni rok przyni\u00f3s\u0142 Polakom mniej czy wi\u0119cej k\u0142opot\u00f3w ni\u017c zwykle.<\/p>\n<div class=\"infopay\">Raport udost\u0119pniany jest bezp\u0142atnie, w us\u0142udze &#8222;udost\u0119pnij aby pobra\u0107&#8221;.<br \/>\n          <b>Na czym to polega?<\/b> Raport b\u0119dzie dost\u0119pny do pobrania w pdf po udost\u0119pnieniu wpisu z linkiem do Archiwum Raport\u00f3w TNS Polska na wybranym serwisie spo\u0142eczno\u015bciowym: Facebooku lub Twitterze.\n          <\/div>\n","protected":false},"excerpt":{"rendered":"<p>\u017badne z obecnych pokole\u0144 Polak\u00f3w nie cieszy\u0142o si\u0119 d\u0142ugotrwa\u0142\u0105 stabilizacj\u0105 warunk\u00f3w, w jakich przysz\u0142o im \u017cy\u0107. W jaki spos\u00f3b oceniaj\u0105 swoje \u017cycie mieszka\u0144cy takiego kraju? OBOP zapyta\u0142<\/p>\n","protected":false},"author":1,"featured_media":0,"comment_status":"closed","ping_status":"closed","sticky":false,"template":"","format":"standard","meta":{"ngg_post_thumbnail":0},"categories":[1],"tags":[],"_links":{"self":[{"href":"https:\/\/public.kantarpolska.com\/archiwumraportow\/wp-json\/wp\/v2\/posts\/298"}],"collection":[{"href":"https:\/\/public.kantarpolska.com\/archiwumraportow\/wp-json\/wp\/v2\/posts"}],"about":[{"href":"https:\/\/public.kantarpolska.com\/archiwumraportow\/wp-json\/wp\/v2\/types\/post"}],"author":[{"embeddable":true,"href":"https:\/\/public.kantarpolska.com\/archiwumraportow\/wp-json\/wp\/v2\/users\/1"}],"replies":[{"embeddable":true,"href":"https:\/\/public.kantarpolska.com\/archiwumraportow\/wp-json\/wp\/v2\/comments?post=298"}],"version-history":[{"count":0,"href":"https:\/\/public.kantarpolska.com\/archiwumraportow\/wp-json\/wp\/v2\/posts\/298\/revisions"}],"wp:attachment":[{"href":"https:\/\/public.kantarpolska.com\/archiwumraportow\/wp-json\/wp\/v2\/media?parent=298"}],"wp:term":[{"taxonomy":"category","embeddable":true,"href":"https:\/\/public.kantarpolska.com\/archiwumraportow\/wp-json\/wp\/v2\/categories?post=298"},{"taxonomy":"post_tag","embeddable":true,"href":"https:\/\/public.kantarpolska.com\/archiwumraportow\/wp-json\/wp\/v2\/tags?post=298"}],"curies":[{"name":"wp","href":"https:\/\/api.w.org\/{rel}","templated":true}]}}