
{"id":294,"date":"1999-05-17T00:00:00","date_gmt":"1999-05-17T00:00:00","guid":{"rendered":"https:\/\/www.tnsglobal.pl\/archiwumraportow\/1999\/05\/17\/sekty-w-polsce\/"},"modified":"1999-05-17T00:00:00","modified_gmt":"1999-05-17T00:00:00","slug":"sekty-w-polsce","status":"publish","type":"post","link":"https:\/\/public.kantarpolska.com\/archiwumraportow\/1999\/05\/17\/sekty-w-polsce\/","title":{"rendered":"Sekty w Polsce"},"content":{"rendered":"<p>Kolejny komunikat o mniejszo\u015bciach wyznaniowych w naszym kraju zawiera informacje na temat tego, kt\u00f3re ugrupowania religijne s\u0105 postrzegane w \u015bwiadomo\u015bci spo\u0142ecznej jako sekty. Nast\u0119pnie zosta\u0142y przedstawione<!--more--> opinie o sektach, opinie o przyczynach wst\u0119powania do tych ugrupowa\u0144 oraz przewidywane reakcje na wst\u0105pienie do sekty kogo\u015b z bliskich os\u00f3b.<\/p>\n<div class=\"infopay\">Raport udost\u0119pniany jest bezp\u0142atnie, w us\u0142udze &#8222;udost\u0119pnij aby pobra\u0107&#8221;.<br \/>\n          <b>Na czym to polega?<\/b> Raport b\u0119dzie dost\u0119pny do pobrania w pdf po udost\u0119pnieniu wpisu z linkiem do Archiwum Raport\u00f3w TNS Polska na wybranym serwisie spo\u0142eczno\u015bciowym: Facebooku lub Twitterze.\n          <\/div>\n","protected":false},"excerpt":{"rendered":"<p>Kolejny komunikat o mniejszo\u015bciach wyznaniowych w naszym kraju zawiera informacje na temat tego, kt\u00f3re ugrupowania religijne s\u0105 postrzegane w \u015bwiadomo\u015bci spo\u0142ecznej jako sekty. Nast\u0119pnie zosta\u0142y przedstawione<\/p>\n","protected":false},"author":1,"featured_media":0,"comment_status":"closed","ping_status":"closed","sticky":false,"template":"","format":"standard","meta":{"ngg_post_thumbnail":0},"categories":[1],"tags":[],"_links":{"self":[{"href":"https:\/\/public.kantarpolska.com\/archiwumraportow\/wp-json\/wp\/v2\/posts\/294"}],"collection":[{"href":"https:\/\/public.kantarpolska.com\/archiwumraportow\/wp-json\/wp\/v2\/posts"}],"about":[{"href":"https:\/\/public.kantarpolska.com\/archiwumraportow\/wp-json\/wp\/v2\/types\/post"}],"author":[{"embeddable":true,"href":"https:\/\/public.kantarpolska.com\/archiwumraportow\/wp-json\/wp\/v2\/users\/1"}],"replies":[{"embeddable":true,"href":"https:\/\/public.kantarpolska.com\/archiwumraportow\/wp-json\/wp\/v2\/comments?post=294"}],"version-history":[{"count":0,"href":"https:\/\/public.kantarpolska.com\/archiwumraportow\/wp-json\/wp\/v2\/posts\/294\/revisions"}],"wp:attachment":[{"href":"https:\/\/public.kantarpolska.com\/archiwumraportow\/wp-json\/wp\/v2\/media?parent=294"}],"wp:term":[{"taxonomy":"category","embeddable":true,"href":"https:\/\/public.kantarpolska.com\/archiwumraportow\/wp-json\/wp\/v2\/categories?post=294"},{"taxonomy":"post_tag","embeddable":true,"href":"https:\/\/public.kantarpolska.com\/archiwumraportow\/wp-json\/wp\/v2\/tags?post=294"}],"curies":[{"name":"wp","href":"https:\/\/api.w.org\/{rel}","templated":true}]}}