
{"id":291,"date":"1999-06-22T00:00:00","date_gmt":"1999-06-22T00:00:00","guid":{"rendered":"https:\/\/www.tnsglobal.pl\/archiwumraportow\/1999\/06\/22\/nastroje-spoleczne-w-czerwcu-1999-r\/"},"modified":"1999-06-22T00:00:00","modified_gmt":"1999-06-22T00:00:00","slug":"nastroje-spoleczne-w-czerwcu-1999-r","status":"publish","type":"post","link":"https:\/\/public.kantarpolska.com\/archiwumraportow\/1999\/06\/22\/nastroje-spoleczne-w-czerwcu-1999-r\/","title":{"rendered":"Nastroje spo\u0142eczne w czerwcu 1999 r."},"content":{"rendered":"<p>W drugiej po\u0142owie czerwca, tu\u017c po zako\u0144czeniu pielgrzymki Papie\u017ca Jana Paw\u0142a II do Polski OBOP po raz kolejny przeprowadzi\u0142 badanie dotycz\u0105ce nastroj\u00f3w spo\u0142ecznych. Na opinie Polak\u00f3w<!--more--> w tej sprawie wp\u0142yw mog\u0142y mie\u0107 z jednej strony niedawne s\u0142owa Papie\u017ca wypowiadane na spotkaniach z wiernymi, a z drugiej &#8211; niepokoje zwi\u0105zane z trwaj\u0105cymi w tym czasie protestami (m.in. piel\u0119gniarek, pracownik\u00f3w zbrojeni\u00f3wki) oraz z omawian\u0105 sytuacj\u0105 w koalicji, kt\u00f3ra by\u0142a wynikiem dyskusji nad planowan\u0105 reform\u0105 podatk\u00f3w. Nasze badanie przeprowadzone zosta\u0142o ju\u017c po zako\u0144czeniu nalot\u00f3w na Jugos\u0142awi\u0119. Czy czerwiec by\u0142 miesi\u0105cem poprawy czy pogorszenia spo\u0142ecznych nastroj\u00f3w odpowiada najnowsze badanie.<\/p>\n<div class=\"infopay\">Raport udost\u0119pniany jest bezp\u0142atnie, w us\u0142udze &#8222;udost\u0119pnij aby pobra\u0107&#8221;.<br \/>\n          <b>Na czym to polega?<\/b> Raport b\u0119dzie dost\u0119pny do pobrania w pdf po udost\u0119pnieniu wpisu z linkiem do Archiwum Raport\u00f3w TNS Polska na wybranym serwisie spo\u0142eczno\u015bciowym: Facebooku lub Twitterze.\n          <\/div>\n","protected":false},"excerpt":{"rendered":"<p>W drugiej po\u0142owie czerwca, tu\u017c po zako\u0144czeniu pielgrzymki Papie\u017ca Jana Paw\u0142a II do Polski OBOP po raz kolejny przeprowadzi\u0142 badanie dotycz\u0105ce nastroj\u00f3w spo\u0142ecznych. Na opinie Polak\u00f3w<\/p>\n","protected":false},"author":1,"featured_media":0,"comment_status":"closed","ping_status":"closed","sticky":false,"template":"","format":"standard","meta":{"ngg_post_thumbnail":0},"categories":[1],"tags":[],"_links":{"self":[{"href":"https:\/\/public.kantarpolska.com\/archiwumraportow\/wp-json\/wp\/v2\/posts\/291"}],"collection":[{"href":"https:\/\/public.kantarpolska.com\/archiwumraportow\/wp-json\/wp\/v2\/posts"}],"about":[{"href":"https:\/\/public.kantarpolska.com\/archiwumraportow\/wp-json\/wp\/v2\/types\/post"}],"author":[{"embeddable":true,"href":"https:\/\/public.kantarpolska.com\/archiwumraportow\/wp-json\/wp\/v2\/users\/1"}],"replies":[{"embeddable":true,"href":"https:\/\/public.kantarpolska.com\/archiwumraportow\/wp-json\/wp\/v2\/comments?post=291"}],"version-history":[{"count":0,"href":"https:\/\/public.kantarpolska.com\/archiwumraportow\/wp-json\/wp\/v2\/posts\/291\/revisions"}],"wp:attachment":[{"href":"https:\/\/public.kantarpolska.com\/archiwumraportow\/wp-json\/wp\/v2\/media?parent=291"}],"wp:term":[{"taxonomy":"category","embeddable":true,"href":"https:\/\/public.kantarpolska.com\/archiwumraportow\/wp-json\/wp\/v2\/categories?post=291"},{"taxonomy":"post_tag","embeddable":true,"href":"https:\/\/public.kantarpolska.com\/archiwumraportow\/wp-json\/wp\/v2\/tags?post=291"}],"curies":[{"name":"wp","href":"https:\/\/api.w.org\/{rel}","templated":true}]}}