
{"id":288,"date":"1999-05-22T00:00:00","date_gmt":"1999-05-22T00:00:00","guid":{"rendered":"https:\/\/www.tnsglobal.pl\/archiwumraportow\/1999\/05\/22\/opinie-o-rzadzie-premierze-prezydencie-w-czerwcu-1999-r\/"},"modified":"1999-05-22T00:00:00","modified_gmt":"1999-05-22T00:00:00","slug":"opinie-o-rzadzie-premierze-prezydencie-w-czerwcu-1999-r","status":"publish","type":"post","link":"https:\/\/public.kantarpolska.com\/archiwumraportow\/1999\/05\/22\/opinie-o-rzadzie-premierze-prezydencie-w-czerwcu-1999-r\/","title":{"rendered":"Opinie o rz\u0105dzie, premierze, prezydencie w czerwcu 1999 r."},"content":{"rendered":"<p>Od wielu lat OBOP prowadzi systematyczny pomiar spo\u0142ecznych ocen pracy rz\u0105du, premiera i prezydenta. W sonda\u017cu przeprowadzonym mi\u0119dzy 19 a 21 czerwca uwzgl\u0119dniono tak\u017ce oceny Leszka Balcerowicza<!--more--> &#8211; jak wywi\u0105zuje si\u0119 on, zdaniem Polak\u00f3w &#8211; z obowi\u0105zk\u00f3w wicepremiera.<\/p>\n<div class=\"infopay\">Raport udost\u0119pniany jest bezp\u0142atnie, w us\u0142udze &#8222;udost\u0119pnij aby pobra\u0107&#8221;.<br \/>\n          <b>Na czym to polega?<\/b> Raport b\u0119dzie dost\u0119pny do pobrania w pdf po udost\u0119pnieniu wpisu z linkiem do Archiwum Raport\u00f3w TNS Polska na wybranym serwisie spo\u0142eczno\u015bciowym: Facebooku lub Twitterze.\n          <\/div>\n","protected":false},"excerpt":{"rendered":"<p>Od wielu lat OBOP prowadzi systematyczny pomiar spo\u0142ecznych ocen pracy rz\u0105du, premiera i prezydenta. W sonda\u017cu przeprowadzonym mi\u0119dzy 19 a 21 czerwca uwzgl\u0119dniono tak\u017ce oceny Leszka Balcerowicza<\/p>\n","protected":false},"author":1,"featured_media":0,"comment_status":"closed","ping_status":"closed","sticky":false,"template":"","format":"standard","meta":{"ngg_post_thumbnail":0},"categories":[1],"tags":[],"_links":{"self":[{"href":"https:\/\/public.kantarpolska.com\/archiwumraportow\/wp-json\/wp\/v2\/posts\/288"}],"collection":[{"href":"https:\/\/public.kantarpolska.com\/archiwumraportow\/wp-json\/wp\/v2\/posts"}],"about":[{"href":"https:\/\/public.kantarpolska.com\/archiwumraportow\/wp-json\/wp\/v2\/types\/post"}],"author":[{"embeddable":true,"href":"https:\/\/public.kantarpolska.com\/archiwumraportow\/wp-json\/wp\/v2\/users\/1"}],"replies":[{"embeddable":true,"href":"https:\/\/public.kantarpolska.com\/archiwumraportow\/wp-json\/wp\/v2\/comments?post=288"}],"version-history":[{"count":0,"href":"https:\/\/public.kantarpolska.com\/archiwumraportow\/wp-json\/wp\/v2\/posts\/288\/revisions"}],"wp:attachment":[{"href":"https:\/\/public.kantarpolska.com\/archiwumraportow\/wp-json\/wp\/v2\/media?parent=288"}],"wp:term":[{"taxonomy":"category","embeddable":true,"href":"https:\/\/public.kantarpolska.com\/archiwumraportow\/wp-json\/wp\/v2\/categories?post=288"},{"taxonomy":"post_tag","embeddable":true,"href":"https:\/\/public.kantarpolska.com\/archiwumraportow\/wp-json\/wp\/v2\/tags?post=288"}],"curies":[{"name":"wp","href":"https:\/\/api.w.org\/{rel}","templated":true}]}}