
{"id":287,"date":"1999-06-22T00:00:00","date_gmt":"1999-06-22T00:00:00","guid":{"rendered":"https:\/\/www.tnsglobal.pl\/archiwumraportow\/1999\/06\/22\/polacy-o-wizycie-papieza\/"},"modified":"1999-06-22T00:00:00","modified_gmt":"1999-06-22T00:00:00","slug":"polacy-o-wizycie-papieza","status":"publish","type":"post","link":"https:\/\/public.kantarpolska.com\/archiwumraportow\/1999\/06\/22\/polacy-o-wizycie-papieza\/","title":{"rendered":"Polacy o wizycie Papie\u017ca"},"content":{"rendered":"<p>W sonda\u017cu przeprowadzonym tu\u017c po zako\u0144czeniu pielgrzymki Papie\u017ca Jana Paw\u0142a II do Polski OBOP zapyta\u0142 Polak\u00f3w o ich zainteresowanie wizyt\u0105, ocen\u0119 znaczenia pielgrzymki w wymiarze spo\u0142ecznym (czy by\u0142a<!--more--> ona wa\u017cnym wydarzeniem) i osobistym (czy by\u0142a mo\u017cliwo\u015bci\u0105 s\u0142uchania s\u0142\u00f3w  Papie\u017ca, prze\u017cyciem religijnym, okazj\u0105 do obserwowania jak prze\u017cywaj\u0105 j\u0105 inni, czy mia\u0142a jeszcze inne znaczenie), a tak\u017ce ocen\u0119 jej konsekwencji dla \u017cycia spo\u0142ecznego i politycznego w kraju. Szczeg\u00f3lnie interesuj\u0105ce jest zestawienie uzyskanych odpowiedzi z wynikami bada\u0144 przeprowadzonych przed rozpocz\u0119ciem tegorocznej pielgrzymki oraz z danymi z sonda\u017cu przeprowadzonego zaraz po zako\u0144czeniu poprzedniej wizyty papieskiej w 1997 roku. Opracowanie zawiera r\u00f3wnie\u017c uzyskane w sonda\u017cu deklaracje uczestnictwa w spotkaniach z Papie\u017cem i ogl\u0105dania przebiegu wizyty w telewizji, a tak\u017ce popularno\u015bci r\u00f3\u017cnych \u017ar\u00f3de\u0142 informacji o pobycie Jana Paw\u0142a II w Polsce.<\/p>\n<div class=\"infopay\">Raport udost\u0119pniany jest bezp\u0142atnie, w us\u0142udze &#8222;udost\u0119pnij aby pobra\u0107&#8221;.<br \/>\n          <b>Na czym to polega?<\/b> Raport b\u0119dzie dost\u0119pny do pobrania w pdf po udost\u0119pnieniu wpisu z linkiem do Archiwum Raport\u00f3w TNS Polska na wybranym serwisie spo\u0142eczno\u015bciowym: Facebooku lub Twitterze.\n          <\/div>\n","protected":false},"excerpt":{"rendered":"<p>W sonda\u017cu przeprowadzonym tu\u017c po zako\u0144czeniu pielgrzymki Papie\u017ca Jana Paw\u0142a II do Polski OBOP zapyta\u0142 Polak\u00f3w o ich zainteresowanie wizyt\u0105, ocen\u0119 znaczenia pielgrzymki w wymiarze spo\u0142ecznym (czy by\u0142a<\/p>\n","protected":false},"author":1,"featured_media":0,"comment_status":"closed","ping_status":"closed","sticky":false,"template":"","format":"standard","meta":{"ngg_post_thumbnail":0},"categories":[1],"tags":[],"_links":{"self":[{"href":"https:\/\/public.kantarpolska.com\/archiwumraportow\/wp-json\/wp\/v2\/posts\/287"}],"collection":[{"href":"https:\/\/public.kantarpolska.com\/archiwumraportow\/wp-json\/wp\/v2\/posts"}],"about":[{"href":"https:\/\/public.kantarpolska.com\/archiwumraportow\/wp-json\/wp\/v2\/types\/post"}],"author":[{"embeddable":true,"href":"https:\/\/public.kantarpolska.com\/archiwumraportow\/wp-json\/wp\/v2\/users\/1"}],"replies":[{"embeddable":true,"href":"https:\/\/public.kantarpolska.com\/archiwumraportow\/wp-json\/wp\/v2\/comments?post=287"}],"version-history":[{"count":0,"href":"https:\/\/public.kantarpolska.com\/archiwumraportow\/wp-json\/wp\/v2\/posts\/287\/revisions"}],"wp:attachment":[{"href":"https:\/\/public.kantarpolska.com\/archiwumraportow\/wp-json\/wp\/v2\/media?parent=287"}],"wp:term":[{"taxonomy":"category","embeddable":true,"href":"https:\/\/public.kantarpolska.com\/archiwumraportow\/wp-json\/wp\/v2\/categories?post=287"},{"taxonomy":"post_tag","embeddable":true,"href":"https:\/\/public.kantarpolska.com\/archiwumraportow\/wp-json\/wp\/v2\/tags?post=287"}],"curies":[{"name":"wp","href":"https:\/\/api.w.org\/{rel}","templated":true}]}}