
{"id":284,"date":"1999-06-01T00:00:00","date_gmt":"1999-06-01T00:00:00","guid":{"rendered":"https:\/\/www.tnsglobal.pl\/archiwumraportow\/1999\/06\/01\/sympatia-do-politykow-w-ostatnich-dniach-maja\/"},"modified":"1999-06-01T00:00:00","modified_gmt":"1999-06-01T00:00:00","slug":"sympatia-do-politykow-w-ostatnich-dniach-maja","status":"publish","type":"post","link":"https:\/\/public.kantarpolska.com\/archiwumraportow\/1999\/06\/01\/sympatia-do-politykow-w-ostatnich-dniach-maja\/","title":{"rendered":"Sympatia do polityk\u00f3w w ostatnich dniach maja"},"content":{"rendered":"<p>OBOP od wielu lat mierzy sympati\u0119 Polak\u00f3w do g\u0142\u00f3wnych osobisto\u015bci \u015bwiata polityki. Zmiany nast\u0119puj\u0105ce na naszej scenie politycznej powoduj\u0105, \u017ce lista zawieraj\u0105ca nazwiska g\u0142\u00f3wnych osobisto\u015bci \u017cycia<!--more--> publicznego w naszym kraju za niemal ka\u017cdym pomiarem ulega modyfikacjom &#8211; jedne z niej znikaj\u0105, a na ich miejsce pojawiaj\u0105 si\u0119 nowe; inne znikaj\u0105, ale po pewnym czasie ponownie wracaj\u0105; a jeszcze inne &#8211; z niej nie schodz\u0105. W ostatnich dniach maja OBOP przedstawi\u0142 Polakom list\u0119 z nazwiskami 43 polityk\u00f3w, z pro\u015bb\u0105 o ustosunkowanie si\u0119 wobec ka\u017cdej z wymienionych postaci. Tam, gdzie to by\u0142o mo\u017cliwe, otrzymane wyniki zestawili\u015bmy z uzyskiwanymi w ci\u0105gu ostatnich niemal czterech lat (por\u00f3wnanie obj\u0119\u0142o 32 polityk\u00f3w). Wszystkich respondent\u00f3w &#8211; za wyj\u0105tkiem tych, kt\u00f3rzy o\u015bwiadczyli, \u017ce nie znaj\u0105 danego polityka &#8211; poprosili\u015bmy tak\u017ce o opinie na temat pogl\u0105d\u00f3w politycznych przedstawionych os\u00f3b. To pytanie zadane zosta\u0142o przez nas dopiero po raz drugi, dlatego te\u017c te dane por\u00f3wnane zosta\u0142y do jednego tylko wcze\u015bniejszego badania &#8211; ze stycznia ub. r. (por\u00f3wnanie obj\u0119\u0142o w tym przypadku 23 polityk\u00f3w).<\/p>\n<div class=\"infopay\">Raport udost\u0119pniany jest bezp\u0142atnie, w us\u0142udze &#8222;udost\u0119pnij aby pobra\u0107&#8221;.<br \/>\n          <b>Na czym to polega?<\/b> Raport b\u0119dzie dost\u0119pny do pobrania w pdf po udost\u0119pnieniu wpisu z linkiem do Archiwum Raport\u00f3w TNS Polska na wybranym serwisie spo\u0142eczno\u015bciowym: Facebooku lub Twitterze.\n          <\/div>\n","protected":false},"excerpt":{"rendered":"<p>OBOP od wielu lat mierzy sympati\u0119 Polak\u00f3w do g\u0142\u00f3wnych osobisto\u015bci \u015bwiata polityki. Zmiany nast\u0119puj\u0105ce na naszej scenie politycznej powoduj\u0105, \u017ce lista zawieraj\u0105ca nazwiska g\u0142\u00f3wnych osobisto\u015bci \u017cycia<\/p>\n","protected":false},"author":1,"featured_media":0,"comment_status":"closed","ping_status":"closed","sticky":false,"template":"","format":"standard","meta":{"ngg_post_thumbnail":0},"categories":[1],"tags":[],"_links":{"self":[{"href":"https:\/\/public.kantarpolska.com\/archiwumraportow\/wp-json\/wp\/v2\/posts\/284"}],"collection":[{"href":"https:\/\/public.kantarpolska.com\/archiwumraportow\/wp-json\/wp\/v2\/posts"}],"about":[{"href":"https:\/\/public.kantarpolska.com\/archiwumraportow\/wp-json\/wp\/v2\/types\/post"}],"author":[{"embeddable":true,"href":"https:\/\/public.kantarpolska.com\/archiwumraportow\/wp-json\/wp\/v2\/users\/1"}],"replies":[{"embeddable":true,"href":"https:\/\/public.kantarpolska.com\/archiwumraportow\/wp-json\/wp\/v2\/comments?post=284"}],"version-history":[{"count":0,"href":"https:\/\/public.kantarpolska.com\/archiwumraportow\/wp-json\/wp\/v2\/posts\/284\/revisions"}],"wp:attachment":[{"href":"https:\/\/public.kantarpolska.com\/archiwumraportow\/wp-json\/wp\/v2\/media?parent=284"}],"wp:term":[{"taxonomy":"category","embeddable":true,"href":"https:\/\/public.kantarpolska.com\/archiwumraportow\/wp-json\/wp\/v2\/categories?post=284"},{"taxonomy":"post_tag","embeddable":true,"href":"https:\/\/public.kantarpolska.com\/archiwumraportow\/wp-json\/wp\/v2\/tags?post=284"}],"curies":[{"name":"wp","href":"https:\/\/api.w.org\/{rel}","templated":true}]}}