
{"id":281,"date":"1999-06-01T00:00:00","date_gmt":"1999-06-01T00:00:00","guid":{"rendered":"https:\/\/www.tnsglobal.pl\/archiwumraportow\/1999\/06\/01\/opinie-polakow-na-temat-napiec-spolecznych-i-strajkow-w-ostatnich-dniach-maja\/"},"modified":"1999-06-01T00:00:00","modified_gmt":"1999-06-01T00:00:00","slug":"opinie-polakow-na-temat-napiec-spolecznych-i-strajkow-w-ostatnich-dniach-maja","status":"publish","type":"post","link":"https:\/\/public.kantarpolska.com\/archiwumraportow\/1999\/06\/01\/opinie-polakow-na-temat-napiec-spolecznych-i-strajkow-w-ostatnich-dniach-maja\/","title":{"rendered":"Opinie Polak\u00f3w na temat napi\u0119\u0107 spo\u0142ecznych i strajk\u00f3w w ostatnich dniach maja"},"content":{"rendered":"<p>Tu\u017c przed przyjazdem Papie\u017ca Jana Paw\u0142a II do kraju media zn\u00f3w zacz\u0119\u0142y informowa\u0107 o akcjach protestacyjnych kolejnych grup i \u015brodowisk zawodowych m.in.: rolnik\u00f3w, zbrojeni\u00f3wki, piel\u0119gniarek i po\u0142o\u017cnych. Strajki<!--more--> przybiera\u0142y r\u00f3\u017cne formy: ponownie pojawi\u0142y si\u0119 blokady dr\u00f3g, dochodzi\u0142o do okupacji budynk\u00f3w &#8211; w tym tak\u017ce urz\u0119d\u00f3w centralnych, cz\u0119\u015b\u0107 protestuj\u0105cych decydowa\u0142a si\u0119 na strajk g\u0142odowy. Czy pojawienie si\u0119 w tym okresie nowej fali protest\u00f3w wp\u0142yn\u0119\u0142o na postawy Polak\u00f3w wobec strajk\u00f3w? Je\u015bli tak, to czy przyczyni\u0142o si\u0119 do ostudzenia, czy do podgrzania nastroj\u00f3w strajkowych w ca\u0142ym spo\u0142ecze\u0144stwie? Na te pytania pr\u00f3bowali\u015bmy odpowiedzie\u0107 sobie w sonda\u017cu przeprowadzonym w ostatnich dniach maja. Przypomnijmy jeszcze, \u017ce niemal w przeddzie\u0144 realizacji badania, uda\u0142o si\u0119 co prawda podpisa\u0107 porozumienie z g\u00f3rnikami, podj\u0119to rokowania z rolnikami, ale zaostrza\u0142 si\u0119 protest piel\u0119gniarek. Przypomnijmy tak\u017ce, \u017ce &#8211; inaczej ni\u017c przy poprzednich protestach &#8211; tym razem policja decydowa\u0142a si\u0119 na u\u017cycie \u015brodk\u00f3w przymusu.<\/p>\n<div class=\"infopay\">Raport udost\u0119pniany jest bezp\u0142atnie, w us\u0142udze &#8222;udost\u0119pnij aby pobra\u0107&#8221;.<br \/>\n          <b>Na czym to polega?<\/b> Raport b\u0119dzie dost\u0119pny do pobrania w pdf po udost\u0119pnieniu wpisu z linkiem do Archiwum Raport\u00f3w TNS Polska na wybranym serwisie spo\u0142eczno\u015bciowym: Facebooku lub Twitterze.\n          <\/div>\n","protected":false},"excerpt":{"rendered":"<p>Tu\u017c przed przyjazdem Papie\u017ca Jana Paw\u0142a II do kraju media zn\u00f3w zacz\u0119\u0142y informowa\u0107 o akcjach protestacyjnych kolejnych grup i \u015brodowisk zawodowych m.in.: rolnik\u00f3w, zbrojeni\u00f3wki, piel\u0119gniarek i po\u0142o\u017cnych. Strajki<\/p>\n","protected":false},"author":1,"featured_media":0,"comment_status":"closed","ping_status":"closed","sticky":false,"template":"","format":"standard","meta":{"ngg_post_thumbnail":0},"categories":[1],"tags":[],"_links":{"self":[{"href":"https:\/\/public.kantarpolska.com\/archiwumraportow\/wp-json\/wp\/v2\/posts\/281"}],"collection":[{"href":"https:\/\/public.kantarpolska.com\/archiwumraportow\/wp-json\/wp\/v2\/posts"}],"about":[{"href":"https:\/\/public.kantarpolska.com\/archiwumraportow\/wp-json\/wp\/v2\/types\/post"}],"author":[{"embeddable":true,"href":"https:\/\/public.kantarpolska.com\/archiwumraportow\/wp-json\/wp\/v2\/users\/1"}],"replies":[{"embeddable":true,"href":"https:\/\/public.kantarpolska.com\/archiwumraportow\/wp-json\/wp\/v2\/comments?post=281"}],"version-history":[{"count":0,"href":"https:\/\/public.kantarpolska.com\/archiwumraportow\/wp-json\/wp\/v2\/posts\/281\/revisions"}],"wp:attachment":[{"href":"https:\/\/public.kantarpolska.com\/archiwumraportow\/wp-json\/wp\/v2\/media?parent=281"}],"wp:term":[{"taxonomy":"category","embeddable":true,"href":"https:\/\/public.kantarpolska.com\/archiwumraportow\/wp-json\/wp\/v2\/categories?post=281"},{"taxonomy":"post_tag","embeddable":true,"href":"https:\/\/public.kantarpolska.com\/archiwumraportow\/wp-json\/wp\/v2\/tags?post=281"}],"curies":[{"name":"wp","href":"https:\/\/api.w.org\/{rel}","templated":true}]}}