
{"id":277,"date":"1999-06-01T00:00:00","date_gmt":"1999-06-01T00:00:00","guid":{"rendered":"https:\/\/www.tnsglobal.pl\/archiwumraportow\/1999\/06\/01\/preferencje-partyjne-polakow-w-ostatnich-dniach-maja\/"},"modified":"1999-06-01T00:00:00","modified_gmt":"1999-06-01T00:00:00","slug":"preferencje-partyjne-polakow-w-ostatnich-dniach-maja","status":"publish","type":"post","link":"https:\/\/public.kantarpolska.com\/archiwumraportow\/1999\/06\/01\/preferencje-partyjne-polakow-w-ostatnich-dniach-maja\/","title":{"rendered":"Preferencje partyjne Polak\u00f3w w ostatnich dniach maja"},"content":{"rendered":"<p>w ostatnich dniach maja &#8211; nied\u0142ugo przed przyjazdem Papie\u017ca Jana Paw\u0142a II do kraju, w czasie przez Polsk\u0119 przetacza\u0142a si\u0119 kolejna fala spo\u0142ecznych protest\u00f3w &#8211; OBOP dokona\u0142 pomiaru popularno\u015bci<!--more--> partii politycznych. <\/p>\n<div class=\"infopay\">Raport udost\u0119pniany jest bezp\u0142atnie, w us\u0142udze &#8222;udost\u0119pnij aby pobra\u0107&#8221;.<br \/>\n          <b>Na czym to polega?<\/b> Raport b\u0119dzie dost\u0119pny do pobrania w pdf po udost\u0119pnieniu wpisu z linkiem do Archiwum Raport\u00f3w TNS Polska na wybranym serwisie spo\u0142eczno\u015bciowym: Facebooku lub Twitterze.\n          <\/div>\n","protected":false},"excerpt":{"rendered":"<p>w ostatnich dniach maja &#8211; nied\u0142ugo przed przyjazdem Papie\u017ca Jana Paw\u0142a II do kraju, w czasie przez Polsk\u0119 przetacza\u0142a si\u0119 kolejna fala spo\u0142ecznych protest\u00f3w &#8211; OBOP dokona\u0142 pomiaru popularno\u015bci<\/p>\n","protected":false},"author":1,"featured_media":0,"comment_status":"closed","ping_status":"closed","sticky":false,"template":"","format":"standard","meta":{"ngg_post_thumbnail":0},"categories":[1],"tags":[],"_links":{"self":[{"href":"https:\/\/public.kantarpolska.com\/archiwumraportow\/wp-json\/wp\/v2\/posts\/277"}],"collection":[{"href":"https:\/\/public.kantarpolska.com\/archiwumraportow\/wp-json\/wp\/v2\/posts"}],"about":[{"href":"https:\/\/public.kantarpolska.com\/archiwumraportow\/wp-json\/wp\/v2\/types\/post"}],"author":[{"embeddable":true,"href":"https:\/\/public.kantarpolska.com\/archiwumraportow\/wp-json\/wp\/v2\/users\/1"}],"replies":[{"embeddable":true,"href":"https:\/\/public.kantarpolska.com\/archiwumraportow\/wp-json\/wp\/v2\/comments?post=277"}],"version-history":[{"count":0,"href":"https:\/\/public.kantarpolska.com\/archiwumraportow\/wp-json\/wp\/v2\/posts\/277\/revisions"}],"wp:attachment":[{"href":"https:\/\/public.kantarpolska.com\/archiwumraportow\/wp-json\/wp\/v2\/media?parent=277"}],"wp:term":[{"taxonomy":"category","embeddable":true,"href":"https:\/\/public.kantarpolska.com\/archiwumraportow\/wp-json\/wp\/v2\/categories?post=277"},{"taxonomy":"post_tag","embeddable":true,"href":"https:\/\/public.kantarpolska.com\/archiwumraportow\/wp-json\/wp\/v2\/tags?post=277"}],"curies":[{"name":"wp","href":"https:\/\/api.w.org\/{rel}","templated":true}]}}