
{"id":276,"date":"1999-06-01T00:00:00","date_gmt":"1999-06-01T00:00:00","guid":{"rendered":"https:\/\/www.tnsglobal.pl\/archiwumraportow\/1999\/06\/01\/wizyta-papieza-w-polsce-spoleczne-oczekiwania-i-opinie-o-jej-wplywie-na-zycie-publiczne-w-polsce\/"},"modified":"1999-06-01T00:00:00","modified_gmt":"1999-06-01T00:00:00","slug":"wizyta-papieza-w-polsce-spoleczne-oczekiwania-i-opinie-o-jej-wplywie-na-zycie-publiczne-w-polsce","status":"publish","type":"post","link":"https:\/\/public.kantarpolska.com\/archiwumraportow\/1999\/06\/01\/wizyta-papieza-w-polsce-spoleczne-oczekiwania-i-opinie-o-jej-wplywie-na-zycie-publiczne-w-polsce\/","title":{"rendered":"Wizyta Papie\u017ca w Polsce &#8211; spo\u0142eczne oczekiwania i opinie o jej wp\u0142ywie na \u017cycie publiczne w Polsce"},"content":{"rendered":"<p>Tydzie\u0144 przed rozpocz\u0119ciem wizyty Papie\u017ca w Polsce OBOP po raz kolejny przeprowadzi\u0142 badanie opinii publicznej na jej temat: zainteresowania przyjazdem Jana Paw\u0142a II, zamiaru uczestnictwa w spotkaniu z Papie\u017cem,<!--more--> oczekiwa\u0144 zwi\u0105zanych z t\u0105 pielgrzymk\u0105 oraz pogl\u0105d\u00f3w o jej wp\u0142ywie na \u017cycie publiczne w Polsce. Poniewa\u017c by\u0142 to ju\u017c trzeci sonda\u017c przed tegoroczn\u0105 wizyt\u0105 papiesk\u0105, mo\u017cna by\u0142o por\u00f3wna\u0107 w jaki spos\u00f3b kszta\u0142towa\u0142y si\u0119 opinie i oczekiwania z ni\u0105 zwi\u0105zane w miar\u0119 zbli\u017cania si\u0119 przyjazdu Papie\u017ca. <\/p>\n<div class=\"infopay\">Raport udost\u0119pniany jest bezp\u0142atnie, w us\u0142udze &#8222;udost\u0119pnij aby pobra\u0107&#8221;.<br \/>\n          <b>Na czym to polega?<\/b> Raport b\u0119dzie dost\u0119pny do pobrania w pdf po udost\u0119pnieniu wpisu z linkiem do Archiwum Raport\u00f3w TNS Polska na wybranym serwisie spo\u0142eczno\u015bciowym: Facebooku lub Twitterze.\n          <\/div>\n","protected":false},"excerpt":{"rendered":"<p>Tydzie\u0144 przed rozpocz\u0119ciem wizyty Papie\u017ca w Polsce OBOP po raz kolejny przeprowadzi\u0142 badanie opinii publicznej na jej temat: zainteresowania przyjazdem Jana Paw\u0142a II, zamiaru uczestnictwa w spotkaniu z Papie\u017cem,<\/p>\n","protected":false},"author":1,"featured_media":0,"comment_status":"closed","ping_status":"closed","sticky":false,"template":"","format":"standard","meta":{"ngg_post_thumbnail":0},"categories":[1],"tags":[],"_links":{"self":[{"href":"https:\/\/public.kantarpolska.com\/archiwumraportow\/wp-json\/wp\/v2\/posts\/276"}],"collection":[{"href":"https:\/\/public.kantarpolska.com\/archiwumraportow\/wp-json\/wp\/v2\/posts"}],"about":[{"href":"https:\/\/public.kantarpolska.com\/archiwumraportow\/wp-json\/wp\/v2\/types\/post"}],"author":[{"embeddable":true,"href":"https:\/\/public.kantarpolska.com\/archiwumraportow\/wp-json\/wp\/v2\/users\/1"}],"replies":[{"embeddable":true,"href":"https:\/\/public.kantarpolska.com\/archiwumraportow\/wp-json\/wp\/v2\/comments?post=276"}],"version-history":[{"count":0,"href":"https:\/\/public.kantarpolska.com\/archiwumraportow\/wp-json\/wp\/v2\/posts\/276\/revisions"}],"wp:attachment":[{"href":"https:\/\/public.kantarpolska.com\/archiwumraportow\/wp-json\/wp\/v2\/media?parent=276"}],"wp:term":[{"taxonomy":"category","embeddable":true,"href":"https:\/\/public.kantarpolska.com\/archiwumraportow\/wp-json\/wp\/v2\/categories?post=276"},{"taxonomy":"post_tag","embeddable":true,"href":"https:\/\/public.kantarpolska.com\/archiwumraportow\/wp-json\/wp\/v2\/tags?post=276"}],"curies":[{"name":"wp","href":"https:\/\/api.w.org\/{rel}","templated":true}]}}