
{"id":273,"date":"1999-05-17T00:00:00","date_gmt":"1999-05-17T00:00:00","guid":{"rendered":"https:\/\/www.tnsglobal.pl\/archiwumraportow\/1999\/05\/17\/oczekiwania-zwiazane-z-przyjazdem-papieza-do-polski\/"},"modified":"1999-05-17T00:00:00","modified_gmt":"1999-05-17T00:00:00","slug":"oczekiwania-zwiazane-z-przyjazdem-papieza-do-polski","status":"publish","type":"post","link":"https:\/\/public.kantarpolska.com\/archiwumraportow\/1999\/05\/17\/oczekiwania-zwiazane-z-przyjazdem-papieza-do-polski\/","title":{"rendered":"Oczekiwania zwi\u0105zane z przyjazdem Papie\u017ca do Polski"},"content":{"rendered":"<p>W po\u0142owie maja OBOP przeprowadzi\u0142 drugi ju\u017c sonda\u017c dotycz\u0105cy zainteresowania i oczekiwa\u0144 spo\u0142ecznych zwi\u0105zanych z czerwcow\u0105 wizyt\u0105 Papie\u017ca Jana Paw\u0142a II w Polsce. Zapytali\u015bmy Polak\u00f3w o to, czy interesuj\u0105<!--more--> si\u0119 nadchodz\u0105c\u0105 pielgrzymk\u0105 papiesk\u0105, jak oceniaj\u0105 jej znaczenie &#8211; czy b\u0119dzie ona wa\u017cnym wydarzeniem, czy te\u017c nie, oraz czym dla nich osobi\u015bcie b\u0119dzie ta wizyta. Innym poruszonym w badaniu aspektem zwi\u0105zanym z przyjazdem Papie\u017ca by\u0142y opinie o wp\u0142ywie tej wizyty na \u017cycie publiczne w Polsce: m.in. na stosunki mi\u0119dzyludzkie, relacje w\u0142adza-spo\u0142ecze\u0144stwo, pozycj\u0119 Ko\u015bcio\u0142a w Polsce, czy religijno\u015b\u0107 i postawy moralne Polak\u00f3w. Dane uzyskane w sonda\u017cu por\u00f3wnano z wynikami wcze\u015bniejszych bada\u0144.<\/p>\n<div class=\"infopay\">Raport udost\u0119pniany jest bezp\u0142atnie, w us\u0142udze &#8222;udost\u0119pnij aby pobra\u0107&#8221;.<br \/>\n          <b>Na czym to polega?<\/b> Raport b\u0119dzie dost\u0119pny do pobrania w pdf po udost\u0119pnieniu wpisu z linkiem do Archiwum Raport\u00f3w TNS Polska na wybranym serwisie spo\u0142eczno\u015bciowym: Facebooku lub Twitterze.\n          <\/div>\n","protected":false},"excerpt":{"rendered":"<p>W po\u0142owie maja OBOP przeprowadzi\u0142 drugi ju\u017c sonda\u017c dotycz\u0105cy zainteresowania i oczekiwa\u0144 spo\u0142ecznych zwi\u0105zanych z czerwcow\u0105 wizyt\u0105 Papie\u017ca Jana Paw\u0142a II w Polsce. Zapytali\u015bmy Polak\u00f3w o to, czy interesuj\u0105<\/p>\n","protected":false},"author":1,"featured_media":0,"comment_status":"closed","ping_status":"closed","sticky":false,"template":"","format":"standard","meta":{"ngg_post_thumbnail":0},"categories":[1],"tags":[],"_links":{"self":[{"href":"https:\/\/public.kantarpolska.com\/archiwumraportow\/wp-json\/wp\/v2\/posts\/273"}],"collection":[{"href":"https:\/\/public.kantarpolska.com\/archiwumraportow\/wp-json\/wp\/v2\/posts"}],"about":[{"href":"https:\/\/public.kantarpolska.com\/archiwumraportow\/wp-json\/wp\/v2\/types\/post"}],"author":[{"embeddable":true,"href":"https:\/\/public.kantarpolska.com\/archiwumraportow\/wp-json\/wp\/v2\/users\/1"}],"replies":[{"embeddable":true,"href":"https:\/\/public.kantarpolska.com\/archiwumraportow\/wp-json\/wp\/v2\/comments?post=273"}],"version-history":[{"count":0,"href":"https:\/\/public.kantarpolska.com\/archiwumraportow\/wp-json\/wp\/v2\/posts\/273\/revisions"}],"wp:attachment":[{"href":"https:\/\/public.kantarpolska.com\/archiwumraportow\/wp-json\/wp\/v2\/media?parent=273"}],"wp:term":[{"taxonomy":"category","embeddable":true,"href":"https:\/\/public.kantarpolska.com\/archiwumraportow\/wp-json\/wp\/v2\/categories?post=273"},{"taxonomy":"post_tag","embeddable":true,"href":"https:\/\/public.kantarpolska.com\/archiwumraportow\/wp-json\/wp\/v2\/tags?post=273"}],"curies":[{"name":"wp","href":"https:\/\/api.w.org\/{rel}","templated":true}]}}