
{"id":266,"date":"1999-04-19T00:00:00","date_gmt":"1999-04-19T00:00:00","guid":{"rendered":"https:\/\/www.tnsglobal.pl\/archiwumraportow\/1999\/04\/19\/przed-wizyta-papieza-w-polsce\/"},"modified":"1999-04-19T00:00:00","modified_gmt":"1999-04-19T00:00:00","slug":"przed-wizyta-papieza-w-polsce","status":"publish","type":"post","link":"https:\/\/public.kantarpolska.com\/archiwumraportow\/1999\/04\/19\/przed-wizyta-papieza-w-polsce\/","title":{"rendered":"Przed wizyt\u0105 Papie\u017ca w Polsce"},"content":{"rendered":"<p>W pierwszej po\u0142owie czerwca 1999 roku odb\u0119dzie si\u0119 wizyta Papie\u017ca Jana Paw\u0142a II w Polsce. Niemal dwa miesi\u0105ce przed tym wydarzeniem OBOP przeprowadzi\u0142 sonda\u017c dotycz\u0105cy zainteresowania i oczekiwa\u0144<!--more--> spo\u0142ecznych zwi\u0105zanych z papiesk\u0105 pielgrzymk\u0105. Zapytali\u015bmy Polak\u00f3w o ich plany zwi\u0105zane z przyjazdem Papie\u017ca &#8211; czy zamierzaj\u0105 zobaczy\u0107 go osobi\u015bcie, czy tylko w telewizji, a tak\u017ce opinie o tym, ile czasu Telewizja Polska powinna po\u015bwi\u0119ci\u0107 temu wydarzeniu. W komunikacie przedstawiono r\u00f3wnie\u017c oceny znaczenia wizyty Papie\u017ca w naszym kraju oraz osobiste oczekiwania z ni\u0105 zwi\u0105zane &#8211; czym b\u0119dzie dla Polak\u00f3w przyjazd zwierzchnika Ko\u015bcio\u0142a katolickiego. Prezentowane wyniki &#8211; w miar\u0119 mo\u017cliwo\u015bci &#8211; zestawiono z danymi z bada\u0144 poprzedzaj\u0105cych wcze\u015bniejsze wizyty Papie\u017ca w Polsce.<\/p>\n<div class=\"infopay\">Raport udost\u0119pniany jest bezp\u0142atnie, w us\u0142udze &#8222;udost\u0119pnij aby pobra\u0107&#8221;.<br \/>\n          <b>Na czym to polega?<\/b> Raport b\u0119dzie dost\u0119pny do pobrania w pdf po udost\u0119pnieniu wpisu z linkiem do Archiwum Raport\u00f3w TNS Polska na wybranym serwisie spo\u0142eczno\u015bciowym: Facebooku lub Twitterze.\n          <\/div>\n","protected":false},"excerpt":{"rendered":"<p>W pierwszej po\u0142owie czerwca 1999 roku odb\u0119dzie si\u0119 wizyta Papie\u017ca Jana Paw\u0142a II w Polsce. Niemal dwa miesi\u0105ce przed tym wydarzeniem OBOP przeprowadzi\u0142 sonda\u017c dotycz\u0105cy zainteresowania i oczekiwa\u0144<\/p>\n","protected":false},"author":1,"featured_media":0,"comment_status":"closed","ping_status":"closed","sticky":false,"template":"","format":"standard","meta":{"ngg_post_thumbnail":0},"categories":[1],"tags":[],"_links":{"self":[{"href":"https:\/\/public.kantarpolska.com\/archiwumraportow\/wp-json\/wp\/v2\/posts\/266"}],"collection":[{"href":"https:\/\/public.kantarpolska.com\/archiwumraportow\/wp-json\/wp\/v2\/posts"}],"about":[{"href":"https:\/\/public.kantarpolska.com\/archiwumraportow\/wp-json\/wp\/v2\/types\/post"}],"author":[{"embeddable":true,"href":"https:\/\/public.kantarpolska.com\/archiwumraportow\/wp-json\/wp\/v2\/users\/1"}],"replies":[{"embeddable":true,"href":"https:\/\/public.kantarpolska.com\/archiwumraportow\/wp-json\/wp\/v2\/comments?post=266"}],"version-history":[{"count":0,"href":"https:\/\/public.kantarpolska.com\/archiwumraportow\/wp-json\/wp\/v2\/posts\/266\/revisions"}],"wp:attachment":[{"href":"https:\/\/public.kantarpolska.com\/archiwumraportow\/wp-json\/wp\/v2\/media?parent=266"}],"wp:term":[{"taxonomy":"category","embeddable":true,"href":"https:\/\/public.kantarpolska.com\/archiwumraportow\/wp-json\/wp\/v2\/categories?post=266"},{"taxonomy":"post_tag","embeddable":true,"href":"https:\/\/public.kantarpolska.com\/archiwumraportow\/wp-json\/wp\/v2\/tags?post=266"}],"curies":[{"name":"wp","href":"https:\/\/api.w.org\/{rel}","templated":true}]}}