
{"id":2658,"date":"2005-11-14T00:00:00","date_gmt":"2005-11-14T00:00:00","guid":{"rendered":"https:\/\/www.tnsglobal.pl\/archiwumraportow\/2005\/11\/14\/o-niedoszlej-koalicji\/"},"modified":"2005-11-14T00:00:00","modified_gmt":"2005-11-14T00:00:00","slug":"o-niedoszlej-koalicji","status":"publish","type":"post","link":"https:\/\/public.kantarpolska.com\/archiwumraportow\/2005\/11\/14\/o-niedoszlej-koalicji\/","title":{"rendered":"O niedosz\u0142ej koalicji"},"content":{"rendered":"<p>W po\u0142owie listopada 2005 r. proces konstytuowania si\u0119 najwy\u017cszych w\u0142adz w Polsce zosta\u0142 zako\u0144czony. Lech Kaczy\u0144ski, polityk Prawa i Sprawiedliwo\u015bci, przygotowywa\u0142 si\u0119 do obj\u0119cia urz\u0119du Prezydenta, Kazimierz Marcinkiewicz,<!--more--> inny polityk PiS, ju\u017c od miesi\u0105ca desygnowany na premiera, uzyska\u0142 w\u0142a\u015bnie w Sejmie (jego marsza\u0142kiem jest Marek Jurek, tak\u017ce polityk PiS) wotum zaufania dla swego mniejszo\u015bciowego rz\u0105du. Platforma Obywatelska, par\u0119 miesi\u0119cy wcze\u015bniej jedna z dwu r\u00f3wnorz\u0119dnych partii zapowiadanej wielkiej koalicji PO-PiS, nie tylko nie obj\u0119\u0142a \u017cadnej z najwa\u017cniejszych funkcji w pa\u0144stwie, nie tylko nie sta\u0142a si\u0119 cz\u0119\u015bci\u0105 koalicji rz\u0105dz\u0105cej, lecz sta\u0142a si\u0119 g\u0142\u00f3wn\u0105 si\u0142\u0105 opozycji. A wszystko to dzia\u0142o si\u0119 w atmosferze gier politycznych i medialnych, w kt\u00f3rych politycy (i medialni stronnicy) PiS i PO nawzajem obwiniali si\u0119 o uniemo\u017cliwienie powstania koalicji PiS i PO, a osoby mniej zaanga\u017cowane wyra\u017ca\u0142y \u017cal, \u017ce taka koalicja nie powsta\u0142a i nadziej\u0119, \u017ce mo\u017ce jednak wkr\u00f3tce stanie si\u0119 ona mo\u017cliwa.rnW takiej w\u0142a\u015bnie chwili, w dniach 12-14.11.2005 r. TNS OBOP przeprowadzi\u0142 sonda\u017c, w kt\u00f3rym zapytano Polak\u00f3w o opini\u0119 na temat niedosz\u0142ej koalicji. Komunikat prezentuje wyniki tego badania.<\/p>\n<div class=\"infopay\">Raport udost\u0119pniany jest bezp\u0142atnie, w us\u0142udze &#8222;udost\u0119pnij aby pobra\u0107&#8221;.<br \/>\n          <b>Na czym to polega?<\/b> Raport b\u0119dzie dost\u0119pny do pobrania w pdf po udost\u0119pnieniu wpisu z linkiem do Archiwum Raport\u00f3w TNS Polska na wybranym serwisie spo\u0142eczno\u015bciowym: Facebooku lub Twitterze.\n          <\/div>\n","protected":false},"excerpt":{"rendered":"<p>W po\u0142owie listopada 2005 r. proces konstytuowania si\u0119 najwy\u017cszych w\u0142adz w Polsce zosta\u0142 zako\u0144czony. Lech Kaczy\u0144ski, polityk Prawa i Sprawiedliwo\u015bci, przygotowywa\u0142 si\u0119 do obj\u0119cia urz\u0119du Prezydenta, Kazimierz Marcinkiewicz,<\/p>\n","protected":false},"author":1,"featured_media":0,"comment_status":"closed","ping_status":"closed","sticky":false,"template":"","format":"standard","meta":{"ngg_post_thumbnail":0},"categories":[1],"tags":[],"_links":{"self":[{"href":"https:\/\/public.kantarpolska.com\/archiwumraportow\/wp-json\/wp\/v2\/posts\/2658"}],"collection":[{"href":"https:\/\/public.kantarpolska.com\/archiwumraportow\/wp-json\/wp\/v2\/posts"}],"about":[{"href":"https:\/\/public.kantarpolska.com\/archiwumraportow\/wp-json\/wp\/v2\/types\/post"}],"author":[{"embeddable":true,"href":"https:\/\/public.kantarpolska.com\/archiwumraportow\/wp-json\/wp\/v2\/users\/1"}],"replies":[{"embeddable":true,"href":"https:\/\/public.kantarpolska.com\/archiwumraportow\/wp-json\/wp\/v2\/comments?post=2658"}],"version-history":[{"count":0,"href":"https:\/\/public.kantarpolska.com\/archiwumraportow\/wp-json\/wp\/v2\/posts\/2658\/revisions"}],"wp:attachment":[{"href":"https:\/\/public.kantarpolska.com\/archiwumraportow\/wp-json\/wp\/v2\/media?parent=2658"}],"wp:term":[{"taxonomy":"category","embeddable":true,"href":"https:\/\/public.kantarpolska.com\/archiwumraportow\/wp-json\/wp\/v2\/categories?post=2658"},{"taxonomy":"post_tag","embeddable":true,"href":"https:\/\/public.kantarpolska.com\/archiwumraportow\/wp-json\/wp\/v2\/tags?post=2658"}],"curies":[{"name":"wp","href":"https:\/\/api.w.org\/{rel}","templated":true}]}}