
{"id":264,"date":"1999-04-19T00:00:00","date_gmt":"1999-04-19T00:00:00","guid":{"rendered":"https:\/\/www.tnsglobal.pl\/archiwumraportow\/1999\/04\/19\/opinie-o-rzadzie-premierze-i-prezydencie-w-kwietniu\/"},"modified":"1999-04-19T00:00:00","modified_gmt":"1999-04-19T00:00:00","slug":"opinie-o-rzadzie-premierze-i-prezydencie-w-kwietniu","status":"publish","type":"post","link":"https:\/\/public.kantarpolska.com\/archiwumraportow\/1999\/04\/19\/opinie-o-rzadzie-premierze-i-prezydencie-w-kwietniu\/","title":{"rendered":"Opinie o rz\u0105dzie, premierze i prezydencie w kwietniu"},"content":{"rendered":"<p>w po\u0142owie kwietnia OBOP po raz kolejny mierzy\u0142 opinie Polak\u00f3w na temat dzia\u0142alno\u015bci najwy\u017cszych instytucji w\u0142adzy w naszym kraju &#8211; rz\u0105du, premiera i prezydenta. W komunikacie, obok tych &#8211;<!--more--> umieszczanych systematycznie w naszych sonda\u017cach problem\u00f3w, zapytali\u015bmy tak\u017ce Polak\u00f3w o opinie na temat poinformowania w\u0142adz o nastrojach panuj\u0105cych w\u015br\u00f3d ludzi, a tak\u017ce og\u00f3ln\u0105 ocen\u0119 dzia\u0142alno\u015bci koalicji AWS\/UW wraz z uzasadnieniem: kt\u00f3re z ugrupowa\u0144 rz\u0105dz\u0105cych &#8211; ich zdaniem &#8211; bardziej si\u0119 do tego przyczyni\u0142o (zaprezentowano uzasadnienia zar\u00f3wno ocen pozytywnych jak i negatywnych).<\/p>\n<div class=\"infopay\">Raport udost\u0119pniany jest bezp\u0142atnie, w us\u0142udze &#8222;udost\u0119pnij aby pobra\u0107&#8221;.<br \/>\n          <b>Na czym to polega?<\/b> Raport b\u0119dzie dost\u0119pny do pobrania w pdf po udost\u0119pnieniu wpisu z linkiem do Archiwum Raport\u00f3w TNS Polska na wybranym serwisie spo\u0142eczno\u015bciowym: Facebooku lub Twitterze.\n          <\/div>\n","protected":false},"excerpt":{"rendered":"<p>w po\u0142owie kwietnia OBOP po raz kolejny mierzy\u0142 opinie Polak\u00f3w na temat dzia\u0142alno\u015bci najwy\u017cszych instytucji w\u0142adzy w naszym kraju &#8211; rz\u0105du, premiera i prezydenta. W komunikacie, obok tych &#8211;<\/p>\n","protected":false},"author":1,"featured_media":0,"comment_status":"closed","ping_status":"closed","sticky":false,"template":"","format":"standard","meta":{"ngg_post_thumbnail":0},"categories":[1],"tags":[],"_links":{"self":[{"href":"https:\/\/public.kantarpolska.com\/archiwumraportow\/wp-json\/wp\/v2\/posts\/264"}],"collection":[{"href":"https:\/\/public.kantarpolska.com\/archiwumraportow\/wp-json\/wp\/v2\/posts"}],"about":[{"href":"https:\/\/public.kantarpolska.com\/archiwumraportow\/wp-json\/wp\/v2\/types\/post"}],"author":[{"embeddable":true,"href":"https:\/\/public.kantarpolska.com\/archiwumraportow\/wp-json\/wp\/v2\/users\/1"}],"replies":[{"embeddable":true,"href":"https:\/\/public.kantarpolska.com\/archiwumraportow\/wp-json\/wp\/v2\/comments?post=264"}],"version-history":[{"count":0,"href":"https:\/\/public.kantarpolska.com\/archiwumraportow\/wp-json\/wp\/v2\/posts\/264\/revisions"}],"wp:attachment":[{"href":"https:\/\/public.kantarpolska.com\/archiwumraportow\/wp-json\/wp\/v2\/media?parent=264"}],"wp:term":[{"taxonomy":"category","embeddable":true,"href":"https:\/\/public.kantarpolska.com\/archiwumraportow\/wp-json\/wp\/v2\/categories?post=264"},{"taxonomy":"post_tag","embeddable":true,"href":"https:\/\/public.kantarpolska.com\/archiwumraportow\/wp-json\/wp\/v2\/tags?post=264"}],"curies":[{"name":"wp","href":"https:\/\/api.w.org\/{rel}","templated":true}]}}