
{"id":250,"date":"2000-04-04T00:00:00","date_gmt":"2000-04-04T00:00:00","guid":{"rendered":"https:\/\/www.tnsglobal.pl\/archiwumraportow\/2000\/04\/04\/opinie-na-temat-wyboru-kandydata-aws-na-prezydenta\/"},"modified":"2000-04-04T00:00:00","modified_gmt":"2000-04-04T00:00:00","slug":"opinie-na-temat-wyboru-kandydata-aws-na-prezydenta","status":"publish","type":"post","link":"https:\/\/public.kantarpolska.com\/archiwumraportow\/2000\/04\/04\/opinie-na-temat-wyboru-kandydata-aws-na-prezydenta\/","title":{"rendered":"Opinie na temat wyboru kandydata AWS na prezydenta"},"content":{"rendered":"<p>Wybory prezydenckie odb\u0119d\u0105 si\u0119 ju\u017c za p\u00f3\u0142 roku. Tymczasem najwi\u0119ksze ugrupowania w Polsce oficjalnie nie zdecydowa\u0142y jeszcze o tym, kogo w tym g\u0142osowaniu popr\u0105. Wewn\u0105trz<!--more--> AWS nie ma nawet zgody co do sposobu wyboru osoby, kt\u00f3ra ubiega\u0107 si\u0119 b\u0119dzie o najwy\u017cszy urz\u0105d w pa\u0144stwie. Cz\u0119\u015b\u0107 \u015brodowisk AWS opowiada si\u0119 za przeprowadzeniem wewn\u0119trznych prawybor\u00f3w, a cz\u0119\u015b\u0107 uwa\u017ca, \u017ce AWS nale\u017cy wystawi\u0107 lidera ugrupowania &#8211; Mariana Krzaklewskiego. W pierwszych dniach kwietnia zapytali\u015bmy Polak\u00f3w w jaki spos\u00f3b AWS powinna podj\u0105\u0107 decyzj\u0119 o tym kto zostanie kandydatem tego ugrupowania w wyborach prezydenckich.<\/p>\n<div class=\"infopay\">Raport udost\u0119pniany jest bezp\u0142atnie, w us\u0142udze &#8222;udost\u0119pnij aby pobra\u0107&#8221;.<br \/>\n          <b>Na czym to polega?<\/b> Raport b\u0119dzie dost\u0119pny do pobrania w pdf po udost\u0119pnieniu wpisu z linkiem do Archiwum Raport\u00f3w TNS Polska na wybranym serwisie spo\u0142eczno\u015bciowym: Facebooku lub Twitterze.\n          <\/div>\n","protected":false},"excerpt":{"rendered":"<p>Wybory prezydenckie odb\u0119d\u0105 si\u0119 ju\u017c za p\u00f3\u0142 roku. Tymczasem najwi\u0119ksze ugrupowania w Polsce oficjalnie nie zdecydowa\u0142y jeszcze o tym, kogo w tym g\u0142osowaniu popr\u0105. Wewn\u0105trz<\/p>\n","protected":false},"author":1,"featured_media":0,"comment_status":"closed","ping_status":"closed","sticky":false,"template":"","format":"standard","meta":{"ngg_post_thumbnail":0},"categories":[1],"tags":[],"_links":{"self":[{"href":"https:\/\/public.kantarpolska.com\/archiwumraportow\/wp-json\/wp\/v2\/posts\/250"}],"collection":[{"href":"https:\/\/public.kantarpolska.com\/archiwumraportow\/wp-json\/wp\/v2\/posts"}],"about":[{"href":"https:\/\/public.kantarpolska.com\/archiwumraportow\/wp-json\/wp\/v2\/types\/post"}],"author":[{"embeddable":true,"href":"https:\/\/public.kantarpolska.com\/archiwumraportow\/wp-json\/wp\/v2\/users\/1"}],"replies":[{"embeddable":true,"href":"https:\/\/public.kantarpolska.com\/archiwumraportow\/wp-json\/wp\/v2\/comments?post=250"}],"version-history":[{"count":0,"href":"https:\/\/public.kantarpolska.com\/archiwumraportow\/wp-json\/wp\/v2\/posts\/250\/revisions"}],"wp:attachment":[{"href":"https:\/\/public.kantarpolska.com\/archiwumraportow\/wp-json\/wp\/v2\/media?parent=250"}],"wp:term":[{"taxonomy":"category","embeddable":true,"href":"https:\/\/public.kantarpolska.com\/archiwumraportow\/wp-json\/wp\/v2\/categories?post=250"},{"taxonomy":"post_tag","embeddable":true,"href":"https:\/\/public.kantarpolska.com\/archiwumraportow\/wp-json\/wp\/v2\/tags?post=250"}],"curies":[{"name":"wp","href":"https:\/\/api.w.org\/{rel}","templated":true}]}}