
{"id":236,"date":"1999-03-31T00:00:00","date_gmt":"1999-03-31T00:00:00","guid":{"rendered":"https:\/\/www.tnsglobal.pl\/archiwumraportow\/1999\/03\/31\/opinie-o-rzadzie-premierze-i-prezydencie-30-31-marca-1999\/"},"modified":"1999-03-31T00:00:00","modified_gmt":"1999-03-31T00:00:00","slug":"opinie-o-rzadzie-premierze-i-prezydencie-30-31-marca-1999","status":"publish","type":"post","link":"https:\/\/public.kantarpolska.com\/archiwumraportow\/1999\/03\/31\/opinie-o-rzadzie-premierze-i-prezydencie-30-31-marca-1999\/","title":{"rendered":"Opinie o rz\u0105dzie, premierze i prezydencie &#8211; 30-31 marca 1999"},"content":{"rendered":"<p>Jest to kolejny sonda\u017c, w kt\u00f3rym Polacy oceniali dzia\u0142alno\u015b\u0107 rz\u0105du, premiera i prezydenta. Ostatni sonda\u017c podaje tak\u017ce informacje, jak zmieni\u0142a si\u0119 spo\u0142eczna ocena dzia\u0142alno\u015bci tych instytucji w przeci\u0105gu<!--more--> ostatnich trzech tygodni, tj. w okresie, w kt\u00f3rym podj\u0119to ostateczne decyzje w sprawie rekonstrukcji rz\u0105du oraz si\u0142y NATO rozpocz\u0119\u0142y dzia\u0142ania wojenne w Jugos\u0142awii.<\/p>\n<div class=\"infopay\">Raport udost\u0119pniany jest bezp\u0142atnie, w us\u0142udze &#8222;udost\u0119pnij aby pobra\u0107&#8221;.<br \/>\n          <b>Na czym to polega?<\/b> Raport b\u0119dzie dost\u0119pny do pobrania w pdf po udost\u0119pnieniu wpisu z linkiem do Archiwum Raport\u00f3w TNS Polska na wybranym serwisie spo\u0142eczno\u015bciowym: Facebooku lub Twitterze.\n          <\/div>\n","protected":false},"excerpt":{"rendered":"<p>Jest to kolejny sonda\u017c, w kt\u00f3rym Polacy oceniali dzia\u0142alno\u015b\u0107 rz\u0105du, premiera i prezydenta. Ostatni sonda\u017c podaje tak\u017ce informacje, jak zmieni\u0142a si\u0119 spo\u0142eczna ocena dzia\u0142alno\u015bci tych instytucji w przeci\u0105gu<\/p>\n","protected":false},"author":1,"featured_media":0,"comment_status":"closed","ping_status":"closed","sticky":false,"template":"","format":"standard","meta":{"ngg_post_thumbnail":0},"categories":[1],"tags":[],"_links":{"self":[{"href":"https:\/\/public.kantarpolska.com\/archiwumraportow\/wp-json\/wp\/v2\/posts\/236"}],"collection":[{"href":"https:\/\/public.kantarpolska.com\/archiwumraportow\/wp-json\/wp\/v2\/posts"}],"about":[{"href":"https:\/\/public.kantarpolska.com\/archiwumraportow\/wp-json\/wp\/v2\/types\/post"}],"author":[{"embeddable":true,"href":"https:\/\/public.kantarpolska.com\/archiwumraportow\/wp-json\/wp\/v2\/users\/1"}],"replies":[{"embeddable":true,"href":"https:\/\/public.kantarpolska.com\/archiwumraportow\/wp-json\/wp\/v2\/comments?post=236"}],"version-history":[{"count":0,"href":"https:\/\/public.kantarpolska.com\/archiwumraportow\/wp-json\/wp\/v2\/posts\/236\/revisions"}],"wp:attachment":[{"href":"https:\/\/public.kantarpolska.com\/archiwumraportow\/wp-json\/wp\/v2\/media?parent=236"}],"wp:term":[{"taxonomy":"category","embeddable":true,"href":"https:\/\/public.kantarpolska.com\/archiwumraportow\/wp-json\/wp\/v2\/categories?post=236"},{"taxonomy":"post_tag","embeddable":true,"href":"https:\/\/public.kantarpolska.com\/archiwumraportow\/wp-json\/wp\/v2\/tags?post=236"}],"curies":[{"name":"wp","href":"https:\/\/api.w.org\/{rel}","templated":true}]}}