
{"id":231,"date":"1999-03-22T00:00:00","date_gmt":"1999-03-22T00:00:00","guid":{"rendered":"https:\/\/www.tnsglobal.pl\/archiwumraportow\/1999\/03\/22\/w-nato-nadzieje-i-obawy-polakow\/"},"modified":"1999-03-22T00:00:00","modified_gmt":"1999-03-22T00:00:00","slug":"w-nato-nadzieje-i-obawy-polakow","status":"publish","type":"post","link":"https:\/\/public.kantarpolska.com\/archiwumraportow\/1999\/03\/22\/w-nato-nadzieje-i-obawy-polakow\/","title":{"rendered":"W NATO: nadzieje i obawy Polak\u00f3w"},"content":{"rendered":"<p>Od 1992 r. OBOP bada\u0142 stosunek spo\u0142ecze\u0144stwa polskiego do cz\u0142onkostwa Polski w NATO. w ci\u0105gu siedmiu lat tre\u015b\u0107 i sformu\u0142owania pyta\u0144 ulega\u0142y r\u00f3\u017cnym zmianom, uwzgl\u0119dniaj\u0105cym post\u0119py w procesie<!--more--> zbli\u017cania si\u0119 Polski do NATO. Zawsze jednak na podstawowe pytanie o poparcie dla przyst\u0105pienia Polski do NATO, zdecydowana wi\u0119kszo\u015b\u0107 odpowiada\u0142a twierdz\u0105co, a tylko nieliczni odpowiadali przecz\u0105co. Poprzednie badanie stosunku spo\u0142ecze\u0144stwa polskiego do cz\u0142onkostwa w NATO przeprowadzi\u0142 OBOP w dn. 20-22 lutego 1999 r. &#8211; na kilka tygodni przed oficjalnym przyj\u0119ciem Polski do NATO. 12 marca minister spraw zagranicznych RP przekaza\u0142 sekretarzowi stanu USA dokumenty ratyfikacyjne i Polska sta\u0142a si\u0119 cz\u0142onkiem NATO. wydarzenie to by\u0142o szeroko relacjonowane i komentowane w mediach; politycy i publicy\u015bci nadawali mu wymiar historyczny. W tydzie\u0144 po tym wydarzeniu, w dn. 20-22 marca OBOP zapyta\u0142 Polak\u00f3w o ich stosunek do przyst\u0105pienia Polski do Paktu P\u00f3\u0142nocnoatlantyckiego raz jeszcze.<\/p>\n<div class=\"infopay\">Raport udost\u0119pniany jest bezp\u0142atnie, w us\u0142udze &#8222;udost\u0119pnij aby pobra\u0107&#8221;.<br \/>\n          <b>Na czym to polega?<\/b> Raport b\u0119dzie dost\u0119pny do pobrania w pdf po udost\u0119pnieniu wpisu z linkiem do Archiwum Raport\u00f3w TNS Polska na wybranym serwisie spo\u0142eczno\u015bciowym: Facebooku lub Twitterze.\n          <\/div>\n","protected":false},"excerpt":{"rendered":"<p>Od 1992 r. OBOP bada\u0142 stosunek spo\u0142ecze\u0144stwa polskiego do cz\u0142onkostwa Polski w NATO. w ci\u0105gu siedmiu lat tre\u015b\u0107 i sformu\u0142owania pyta\u0144 ulega\u0142y r\u00f3\u017cnym zmianom, uwzgl\u0119dniaj\u0105cym post\u0119py w procesie<\/p>\n","protected":false},"author":1,"featured_media":0,"comment_status":"closed","ping_status":"closed","sticky":false,"template":"","format":"standard","meta":{"ngg_post_thumbnail":0},"categories":[1],"tags":[],"_links":{"self":[{"href":"https:\/\/public.kantarpolska.com\/archiwumraportow\/wp-json\/wp\/v2\/posts\/231"}],"collection":[{"href":"https:\/\/public.kantarpolska.com\/archiwumraportow\/wp-json\/wp\/v2\/posts"}],"about":[{"href":"https:\/\/public.kantarpolska.com\/archiwumraportow\/wp-json\/wp\/v2\/types\/post"}],"author":[{"embeddable":true,"href":"https:\/\/public.kantarpolska.com\/archiwumraportow\/wp-json\/wp\/v2\/users\/1"}],"replies":[{"embeddable":true,"href":"https:\/\/public.kantarpolska.com\/archiwumraportow\/wp-json\/wp\/v2\/comments?post=231"}],"version-history":[{"count":0,"href":"https:\/\/public.kantarpolska.com\/archiwumraportow\/wp-json\/wp\/v2\/posts\/231\/revisions"}],"wp:attachment":[{"href":"https:\/\/public.kantarpolska.com\/archiwumraportow\/wp-json\/wp\/v2\/media?parent=231"}],"wp:term":[{"taxonomy":"category","embeddable":true,"href":"https:\/\/public.kantarpolska.com\/archiwumraportow\/wp-json\/wp\/v2\/categories?post=231"},{"taxonomy":"post_tag","embeddable":true,"href":"https:\/\/public.kantarpolska.com\/archiwumraportow\/wp-json\/wp\/v2\/tags?post=231"}],"curies":[{"name":"wp","href":"https:\/\/api.w.org\/{rel}","templated":true}]}}