
{"id":229,"date":"1999-03-08T00:00:00","date_gmt":"1999-03-08T00:00:00","guid":{"rendered":"https:\/\/www.tnsglobal.pl\/archiwumraportow\/1999\/03\/08\/nastroje-spoleczne-w-marcu-1999-r\/"},"modified":"1999-03-08T00:00:00","modified_gmt":"1999-03-08T00:00:00","slug":"nastroje-spoleczne-w-marcu-1999-r","status":"publish","type":"post","link":"https:\/\/public.kantarpolska.com\/archiwumraportow\/1999\/03\/08\/nastroje-spoleczne-w-marcu-1999-r\/","title":{"rendered":"Nastroje spo\u0142eczne w marcu 1999 r."},"content":{"rendered":"<p>Komunikat przedstawia wyniki badania przeprowadzonego na ten temat w pierwszej po&sup3;owie marca. Przedstawiono w nim opinie spo&sup3;eczne (zar\u00f3wno og\u00f3&sup3;u spo&sup3;ecze&ntilde;stwa, jak i rolnik\u00f3w) o sytuacji w kraju, ocen&ecirc;<!--more--> kondycji polskiej gospodarki oraz prognozy materialnych warunk\u00f3w &iquest;ycia ludno&#339;ci w ci&sup1;gu najbli&iquest;szych trzech lat. Najnowsze wyniki przedstawiono na tle wcze&#339;niejszych danych, co pozwala por\u00f3wnywa&aelig; zmiany nastroj\u00f3w w zale\u017cno\u015bci od zachodz\u0105cych wydarze&ntilde;.<\/p>\n<div class=\"infopay\">Raport udost\u0119pniany jest bezp\u0142atnie, w us\u0142udze &#8222;udost\u0119pnij aby pobra\u0107&#8221;.<br \/>\n          <b>Na czym to polega?<\/b> Raport b\u0119dzie dost\u0119pny do pobrania w pdf po udost\u0119pnieniu wpisu z linkiem do Archiwum Raport\u00f3w TNS Polska na wybranym serwisie spo\u0142eczno\u015bciowym: Facebooku lub Twitterze.\n          <\/div>\n","protected":false},"excerpt":{"rendered":"<p>Komunikat przedstawia wyniki badania przeprowadzonego na ten temat w pierwszej po&sup3;owie marca. Przedstawiono w nim opinie spo&sup3;eczne (zar\u00f3wno og\u00f3&sup3;u spo&sup3;ecze&ntilde;stwa, jak i rolnik\u00f3w) o sytuacji w kraju, ocen&ecirc;<\/p>\n","protected":false},"author":1,"featured_media":0,"comment_status":"closed","ping_status":"closed","sticky":false,"template":"","format":"standard","meta":{"ngg_post_thumbnail":0},"categories":[1],"tags":[],"_links":{"self":[{"href":"https:\/\/public.kantarpolska.com\/archiwumraportow\/wp-json\/wp\/v2\/posts\/229"}],"collection":[{"href":"https:\/\/public.kantarpolska.com\/archiwumraportow\/wp-json\/wp\/v2\/posts"}],"about":[{"href":"https:\/\/public.kantarpolska.com\/archiwumraportow\/wp-json\/wp\/v2\/types\/post"}],"author":[{"embeddable":true,"href":"https:\/\/public.kantarpolska.com\/archiwumraportow\/wp-json\/wp\/v2\/users\/1"}],"replies":[{"embeddable":true,"href":"https:\/\/public.kantarpolska.com\/archiwumraportow\/wp-json\/wp\/v2\/comments?post=229"}],"version-history":[{"count":0,"href":"https:\/\/public.kantarpolska.com\/archiwumraportow\/wp-json\/wp\/v2\/posts\/229\/revisions"}],"wp:attachment":[{"href":"https:\/\/public.kantarpolska.com\/archiwumraportow\/wp-json\/wp\/v2\/media?parent=229"}],"wp:term":[{"taxonomy":"category","embeddable":true,"href":"https:\/\/public.kantarpolska.com\/archiwumraportow\/wp-json\/wp\/v2\/categories?post=229"},{"taxonomy":"post_tag","embeddable":true,"href":"https:\/\/public.kantarpolska.com\/archiwumraportow\/wp-json\/wp\/v2\/tags?post=229"}],"curies":[{"name":"wp","href":"https:\/\/api.w.org\/{rel}","templated":true}]}}