
{"id":228,"date":"1999-03-08T00:00:00","date_gmt":"1999-03-08T00:00:00","guid":{"rendered":"https:\/\/www.tnsglobal.pl\/archiwumraportow\/1999\/03\/08\/opinie-polakow-na-temat-napiec-spolecznych-i-strajkow-w-marcu-1999-r\/"},"modified":"1999-03-08T00:00:00","modified_gmt":"1999-03-08T00:00:00","slug":"opinie-polakow-na-temat-napiec-spolecznych-i-strajkow-w-marcu-1999-r","status":"publish","type":"post","link":"https:\/\/public.kantarpolska.com\/archiwumraportow\/1999\/03\/08\/opinie-polakow-na-temat-napiec-spolecznych-i-strajkow-w-marcu-1999-r\/","title":{"rendered":"Opinie Polak\u00f3w na temat napi\u0119\u0107 spo\u0142ecznych i strajk\u00f3w w marcu 1999 r."},"content":{"rendered":"<p>od pocz\u0105tku tego roku OBOP na bie\u017c\u0105co analizowa\u0142 stosunek Polak\u00f3w do strajk\u00f3w. Jeszcze w styczniu opinie na temat strajk\u00f3w kszta\u0142towa\u0142y si\u0119 na poziomie uzyskiwanym w latach poprzednich.<!--more--> Jednak\u017ce w lutym nast\u0105pi\u0142o radykalne &#8211; nie notowane dot\u0105d &#8211; poparcie dla podejmowania tego typu dzia\u0142a\u0144. Najnowszy sonda\u017c odpowiada na pytanie, czy by\u0142a to tylko czasowa reakcja na bie\u017c\u0105c\u0105 sytuacj\u0119, czy zjawisko, kt\u00f3re dopiero b\u0119dzie si\u0119 pog\u0142\u0119bia\u0107. Przypomnijmy, \u017ce pocz\u0105tek marca obfitowa\u0142 w szereg wydarze\u0144 mog\u0105cych wp\u0142ywa\u0107 na nastroje spo\u0142eczne i poziom odczuwanego napi\u0119cia. Co prawda, s\u0142u\u017cba zdrowia ju\u017c nie strajkowa\u0142a, r\u00f3wnie\u017c rolnicy w tamtym okresie zaprzestali blokad. Jednak\u017ce pojawi\u0142y si\u0119 ju\u017c wtedy zapowiedzi cz\u0119\u015bci \u015brodowiska wiejskiego w sprawie zorganizowania kolejnych protest\u00f3w. W tym samym czasie, gdy realizowali\u015bmy nasze najnowsze badanie, w kt\u00f3rym po raz kolejny mierzyli\u015bmy stosunek Polak\u00f3w do strajk\u00f3w, z protestem wyst\u0105pili przedstawiciele kolejnego \u015brodowiska zawodowego &#8211; podwy\u017cek p\u0142ac domagali si\u0119 nauczyciele. W pierwszy weekend marca, zwi\u0105zkowcy z ZNP zdecydowali si\u0119 na okupacj\u0119 budynku ministerstwa o\u015bwiaty.<\/p>\n<div class=\"infopay\">Raport udost\u0119pniany jest bezp\u0142atnie, w us\u0142udze &#8222;udost\u0119pnij aby pobra\u0107&#8221;.<br \/>\n          <b>Na czym to polega?<\/b> Raport b\u0119dzie dost\u0119pny do pobrania w pdf po udost\u0119pnieniu wpisu z linkiem do Archiwum Raport\u00f3w TNS Polska na wybranym serwisie spo\u0142eczno\u015bciowym: Facebooku lub Twitterze.\n          <\/div>\n","protected":false},"excerpt":{"rendered":"<p>od pocz\u0105tku tego roku OBOP na bie\u017c\u0105co analizowa\u0142 stosunek Polak\u00f3w do strajk\u00f3w. Jeszcze w styczniu opinie na temat strajk\u00f3w kszta\u0142towa\u0142y si\u0119 na poziomie uzyskiwanym w latach poprzednich.<\/p>\n","protected":false},"author":1,"featured_media":0,"comment_status":"closed","ping_status":"closed","sticky":false,"template":"","format":"standard","meta":{"ngg_post_thumbnail":0},"categories":[1],"tags":[],"_links":{"self":[{"href":"https:\/\/public.kantarpolska.com\/archiwumraportow\/wp-json\/wp\/v2\/posts\/228"}],"collection":[{"href":"https:\/\/public.kantarpolska.com\/archiwumraportow\/wp-json\/wp\/v2\/posts"}],"about":[{"href":"https:\/\/public.kantarpolska.com\/archiwumraportow\/wp-json\/wp\/v2\/types\/post"}],"author":[{"embeddable":true,"href":"https:\/\/public.kantarpolska.com\/archiwumraportow\/wp-json\/wp\/v2\/users\/1"}],"replies":[{"embeddable":true,"href":"https:\/\/public.kantarpolska.com\/archiwumraportow\/wp-json\/wp\/v2\/comments?post=228"}],"version-history":[{"count":0,"href":"https:\/\/public.kantarpolska.com\/archiwumraportow\/wp-json\/wp\/v2\/posts\/228\/revisions"}],"wp:attachment":[{"href":"https:\/\/public.kantarpolska.com\/archiwumraportow\/wp-json\/wp\/v2\/media?parent=228"}],"wp:term":[{"taxonomy":"category","embeddable":true,"href":"https:\/\/public.kantarpolska.com\/archiwumraportow\/wp-json\/wp\/v2\/categories?post=228"},{"taxonomy":"post_tag","embeddable":true,"href":"https:\/\/public.kantarpolska.com\/archiwumraportow\/wp-json\/wp\/v2\/tags?post=228"}],"curies":[{"name":"wp","href":"https:\/\/api.w.org\/{rel}","templated":true}]}}