
{"id":227,"date":"1999-03-08T00:00:00","date_gmt":"1999-03-08T00:00:00","guid":{"rendered":"https:\/\/www.tnsglobal.pl\/archiwumraportow\/1999\/03\/08\/spoleczna-ocena-reform-spolecznych-ii\/"},"modified":"1999-03-08T00:00:00","modified_gmt":"1999-03-08T00:00:00","slug":"spoleczna-ocena-reform-spolecznych-ii","status":"publish","type":"post","link":"https:\/\/public.kantarpolska.com\/archiwumraportow\/1999\/03\/08\/spoleczna-ocena-reform-spolecznych-ii\/","title":{"rendered":"Spo\u0142eczna ocena reform spo\u0142ecznych (II)"},"content":{"rendered":"<p>to kolejny komunikat, w kt\u00f3rym zosta\u0142 przedstawiony stosunek  spo\u0142ecze\u0144stwa do wprowadzonych w ci\u0105gu roku jednocze\u015bnie czterech reform &#8211; administracji, ubezpiecze\u0144, s\u0142u\u017cby zdrowia i o\u015bwiaty. Ostatni sonda\u017c pozwala<!--more--> tak\u017ce okre\u015bli\u0107, jak &#8211; zdaniem Polak\u00f3w &#8211; rz\u0105d i przeprowadzone przez niego reformy zostan\u0105 ocenione pod koniec okresu sprawowania w\u0142adzy przez obecn\u0105 koalicj\u0119, a jak oceni te rz\u0105dy historia. <\/p>\n<div class=\"infopay\">Raport udost\u0119pniany jest bezp\u0142atnie, w us\u0142udze &#8222;udost\u0119pnij aby pobra\u0107&#8221;.<br \/>\n          <b>Na czym to polega?<\/b> Raport b\u0119dzie dost\u0119pny do pobrania w pdf po udost\u0119pnieniu wpisu z linkiem do Archiwum Raport\u00f3w TNS Polska na wybranym serwisie spo\u0142eczno\u015bciowym: Facebooku lub Twitterze.\n          <\/div>\n","protected":false},"excerpt":{"rendered":"<p>to kolejny komunikat, w kt\u00f3rym zosta\u0142 przedstawiony stosunek spo\u0142ecze\u0144stwa do wprowadzonych w ci\u0105gu roku jednocze\u015bnie czterech reform &#8211; administracji, ubezpiecze\u0144, s\u0142u\u017cby zdrowia i o\u015bwiaty. Ostatni sonda\u017c pozwala<\/p>\n","protected":false},"author":1,"featured_media":0,"comment_status":"closed","ping_status":"closed","sticky":false,"template":"","format":"standard","meta":{"ngg_post_thumbnail":0},"categories":[1],"tags":[],"_links":{"self":[{"href":"https:\/\/public.kantarpolska.com\/archiwumraportow\/wp-json\/wp\/v2\/posts\/227"}],"collection":[{"href":"https:\/\/public.kantarpolska.com\/archiwumraportow\/wp-json\/wp\/v2\/posts"}],"about":[{"href":"https:\/\/public.kantarpolska.com\/archiwumraportow\/wp-json\/wp\/v2\/types\/post"}],"author":[{"embeddable":true,"href":"https:\/\/public.kantarpolska.com\/archiwumraportow\/wp-json\/wp\/v2\/users\/1"}],"replies":[{"embeddable":true,"href":"https:\/\/public.kantarpolska.com\/archiwumraportow\/wp-json\/wp\/v2\/comments?post=227"}],"version-history":[{"count":0,"href":"https:\/\/public.kantarpolska.com\/archiwumraportow\/wp-json\/wp\/v2\/posts\/227\/revisions"}],"wp:attachment":[{"href":"https:\/\/public.kantarpolska.com\/archiwumraportow\/wp-json\/wp\/v2\/media?parent=227"}],"wp:term":[{"taxonomy":"category","embeddable":true,"href":"https:\/\/public.kantarpolska.com\/archiwumraportow\/wp-json\/wp\/v2\/categories?post=227"},{"taxonomy":"post_tag","embeddable":true,"href":"https:\/\/public.kantarpolska.com\/archiwumraportow\/wp-json\/wp\/v2\/tags?post=227"}],"curies":[{"name":"wp","href":"https:\/\/api.w.org\/{rel}","templated":true}]}}