
{"id":224,"date":"1999-03-08T00:00:00","date_gmt":"1999-03-08T00:00:00","guid":{"rendered":"https:\/\/www.tnsglobal.pl\/archiwumraportow\/1999\/03\/08\/preferencje-partyjne-polakow-w-pierwszej-polowie-marca-1999-r\/"},"modified":"1999-03-08T00:00:00","modified_gmt":"1999-03-08T00:00:00","slug":"preferencje-partyjne-polakow-w-pierwszej-polowie-marca-1999-r","status":"publish","type":"post","link":"https:\/\/public.kantarpolska.com\/archiwumraportow\/1999\/03\/08\/preferencje-partyjne-polakow-w-pierwszej-polowie-marca-1999-r\/","title":{"rendered":"Preferencje partyjne Polak\u00f3w w pierwszej po\u0142owie marca 1999 r."},"content":{"rendered":"<p>w komunikacie zaprezentowano wyniki preferencji partyjnych Polak\u00f3w zebrane w pierwszy weekend marca, ju\u017c po przeprowadzeniu pierwszych zmian w rz\u0105dzie &#8211; m.in. odwo\u0142aniu rzecznika rz\u0105du Jaros\u0142awa Sellina i szefa<!--more--> Kancelarii Premiera Wies\u0142awa Walendziaka oraz po powo\u0142aniu na to miejsce Jerzego Widzyka. Gdy realizowali\u015bmy badanie, do opinii publicznej dotar\u0142y ju\u017c informacje o sprawach Andrzeja Anusza i Jacka Janiszewskiego. W tym czasie r\u00f3wnie\u017c odbywa\u0142o si\u0119 wyjazdowe spotkanie klubu AWS w Mierkach. R\u00f3wnocze\u015bnie mia\u0142y miejsce protesty \u015brodowiska nauczycielskiego &#8211; okupacja budynku ministerstwa o\u015bwiaty przez zwi\u0105zkowc\u00f3w ZNP. W\u015br\u00f3d przekazywanych informacji znalaz\u0142a si\u0119 r\u00f3wnie\u017c zapowied\u017a Andrzeja Leppera zorganizowania kolejnych blokad.<\/p>\n<div class=\"infopay\">Raport udost\u0119pniany jest bezp\u0142atnie, w us\u0142udze &#8222;udost\u0119pnij aby pobra\u0107&#8221;.<br \/>\n          <b>Na czym to polega?<\/b> Raport b\u0119dzie dost\u0119pny do pobrania w pdf po udost\u0119pnieniu wpisu z linkiem do Archiwum Raport\u00f3w TNS Polska na wybranym serwisie spo\u0142eczno\u015bciowym: Facebooku lub Twitterze.\n          <\/div>\n","protected":false},"excerpt":{"rendered":"<p>w komunikacie zaprezentowano wyniki preferencji partyjnych Polak\u00f3w zebrane w pierwszy weekend marca, ju\u017c po przeprowadzeniu pierwszych zmian w rz\u0105dzie &#8211; m.in. odwo\u0142aniu rzecznika rz\u0105du Jaros\u0142awa Sellina i szefa<\/p>\n","protected":false},"author":1,"featured_media":0,"comment_status":"closed","ping_status":"closed","sticky":false,"template":"","format":"standard","meta":{"ngg_post_thumbnail":0},"categories":[1],"tags":[],"_links":{"self":[{"href":"https:\/\/public.kantarpolska.com\/archiwumraportow\/wp-json\/wp\/v2\/posts\/224"}],"collection":[{"href":"https:\/\/public.kantarpolska.com\/archiwumraportow\/wp-json\/wp\/v2\/posts"}],"about":[{"href":"https:\/\/public.kantarpolska.com\/archiwumraportow\/wp-json\/wp\/v2\/types\/post"}],"author":[{"embeddable":true,"href":"https:\/\/public.kantarpolska.com\/archiwumraportow\/wp-json\/wp\/v2\/users\/1"}],"replies":[{"embeddable":true,"href":"https:\/\/public.kantarpolska.com\/archiwumraportow\/wp-json\/wp\/v2\/comments?post=224"}],"version-history":[{"count":0,"href":"https:\/\/public.kantarpolska.com\/archiwumraportow\/wp-json\/wp\/v2\/posts\/224\/revisions"}],"wp:attachment":[{"href":"https:\/\/public.kantarpolska.com\/archiwumraportow\/wp-json\/wp\/v2\/media?parent=224"}],"wp:term":[{"taxonomy":"category","embeddable":true,"href":"https:\/\/public.kantarpolska.com\/archiwumraportow\/wp-json\/wp\/v2\/categories?post=224"},{"taxonomy":"post_tag","embeddable":true,"href":"https:\/\/public.kantarpolska.com\/archiwumraportow\/wp-json\/wp\/v2\/tags?post=224"}],"curies":[{"name":"wp","href":"https:\/\/api.w.org\/{rel}","templated":true}]}}