
{"id":221,"date":"2000-02-22T00:00:00","date_gmt":"2000-02-22T00:00:00","guid":{"rendered":"https:\/\/www.tnsglobal.pl\/archiwumraportow\/2000\/02\/22\/preferencje-prezydenckie-w-drugiej-polowie-lutego-2000-r\/"},"modified":"2000-02-22T00:00:00","modified_gmt":"2000-02-22T00:00:00","slug":"preferencje-prezydenckie-w-drugiej-polowie-lutego-2000-r","status":"publish","type":"post","link":"https:\/\/public.kantarpolska.com\/archiwumraportow\/2000\/02\/22\/preferencje-prezydenckie-w-drugiej-polowie-lutego-2000-r\/","title":{"rendered":"Preferencje prezydenckie w drugiej po\u0142owie lutego 2000 r."},"content":{"rendered":"<p>W drugiej po\u0142owie lutego OBOP zapyta\u0142 Polak\u00f3w o ich gotowo\u015b\u0107 uczestnictwa w tegorocznych wyborach prezydenckich i o to, jakie s\u0105 dzi\u015b ich preferencje. Zebrane tu dane nie stanowi\u0105 jeszcze<!--more--> przedwyborczej prognozy &#8211; bo na to przed oficjalnym og\u0142oszeniem listy kandydat\u00f3w &#8211; jeszcze za wcze\u015bnie. Obecne dane s\u0105 odzwierciedleniem tego, jak na obecny uk\u0142ad polityczny (w tym tak\u017ce informacje odnosz\u0105ce si\u0119 do zbli\u017caj\u0105cej si\u0119 kampanii wyborczej) dzi\u015b reaguj\u0105 Polacy.<\/p>\n<div class=\"infopay\">Raport udost\u0119pniany jest bezp\u0142atnie, w us\u0142udze &#8222;udost\u0119pnij aby pobra\u0107&#8221;.<br \/>\n          <b>Na czym to polega?<\/b> Raport b\u0119dzie dost\u0119pny do pobrania w pdf po udost\u0119pnieniu wpisu z linkiem do Archiwum Raport\u00f3w TNS Polska na wybranym serwisie spo\u0142eczno\u015bciowym: Facebooku lub Twitterze.\n          <\/div>\n","protected":false},"excerpt":{"rendered":"<p>W drugiej po\u0142owie lutego OBOP zapyta\u0142 Polak\u00f3w o ich gotowo\u015b\u0107 uczestnictwa w tegorocznych wyborach prezydenckich i o to, jakie s\u0105 dzi\u015b ich preferencje. Zebrane tu dane nie stanowi\u0105 jeszcze<\/p>\n","protected":false},"author":1,"featured_media":0,"comment_status":"closed","ping_status":"closed","sticky":false,"template":"","format":"standard","meta":{"ngg_post_thumbnail":0},"categories":[1],"tags":[],"_links":{"self":[{"href":"https:\/\/public.kantarpolska.com\/archiwumraportow\/wp-json\/wp\/v2\/posts\/221"}],"collection":[{"href":"https:\/\/public.kantarpolska.com\/archiwumraportow\/wp-json\/wp\/v2\/posts"}],"about":[{"href":"https:\/\/public.kantarpolska.com\/archiwumraportow\/wp-json\/wp\/v2\/types\/post"}],"author":[{"embeddable":true,"href":"https:\/\/public.kantarpolska.com\/archiwumraportow\/wp-json\/wp\/v2\/users\/1"}],"replies":[{"embeddable":true,"href":"https:\/\/public.kantarpolska.com\/archiwumraportow\/wp-json\/wp\/v2\/comments?post=221"}],"version-history":[{"count":0,"href":"https:\/\/public.kantarpolska.com\/archiwumraportow\/wp-json\/wp\/v2\/posts\/221\/revisions"}],"wp:attachment":[{"href":"https:\/\/public.kantarpolska.com\/archiwumraportow\/wp-json\/wp\/v2\/media?parent=221"}],"wp:term":[{"taxonomy":"category","embeddable":true,"href":"https:\/\/public.kantarpolska.com\/archiwumraportow\/wp-json\/wp\/v2\/categories?post=221"},{"taxonomy":"post_tag","embeddable":true,"href":"https:\/\/public.kantarpolska.com\/archiwumraportow\/wp-json\/wp\/v2\/tags?post=221"}],"curies":[{"name":"wp","href":"https:\/\/api.w.org\/{rel}","templated":true}]}}