
{"id":212,"date":"1999-02-23T00:00:00","date_gmt":"1999-02-23T00:00:00","guid":{"rendered":"https:\/\/www.tnsglobal.pl\/archiwumraportow\/1999\/02\/23\/opinie-o-rzadzie-premierze-i-prezydencie-w-drugiej-polowie-lutego-1999-r\/"},"modified":"1999-02-23T00:00:00","modified_gmt":"1999-02-23T00:00:00","slug":"opinie-o-rzadzie-premierze-i-prezydencie-w-drugiej-polowie-lutego-1999-r","status":"publish","type":"post","link":"https:\/\/public.kantarpolska.com\/archiwumraportow\/1999\/02\/23\/opinie-o-rzadzie-premierze-i-prezydencie-w-drugiej-polowie-lutego-1999-r\/","title":{"rendered":"Opinie o rz\u0105dzie, premierze i prezydencie w drugiej po\u0142owie lutego 1999 r."},"content":{"rendered":"<p>sonda\u017c dostarcza informacji na temat opinii spo\u0142ecznych dotycz\u0105cych zainteresowania polityk\u00f3w nastrojami spo\u0142ecznymi. Prezentuje tak\u017ce aktualne oceny rz\u0105du, premiera i prezydenta w por\u00f3wnaniu z poprzednimi pomiarami. Przedstawia r\u00f3wnie\u017c opinie<!--more--> potencjalnych elektorat\u00f3w o tych trzech instytucjach.<\/p>\n<div class=\"infopay\">Raport udost\u0119pniany jest bezp\u0142atnie, w us\u0142udze &#8222;udost\u0119pnij aby pobra\u0107&#8221;.<br \/>\n          <b>Na czym to polega?<\/b> Raport b\u0119dzie dost\u0119pny do pobrania w pdf po udost\u0119pnieniu wpisu z linkiem do Archiwum Raport\u00f3w TNS Polska na wybranym serwisie spo\u0142eczno\u015bciowym: Facebooku lub Twitterze.\n          <\/div>\n","protected":false},"excerpt":{"rendered":"<p>sonda\u017c dostarcza informacji na temat opinii spo\u0142ecznych dotycz\u0105cych zainteresowania polityk\u00f3w nastrojami spo\u0142ecznymi. Prezentuje tak\u017ce aktualne oceny rz\u0105du, premiera i prezydenta w por\u00f3wnaniu z poprzednimi pomiarami. Przedstawia r\u00f3wnie\u017c opinie<\/p>\n","protected":false},"author":1,"featured_media":0,"comment_status":"closed","ping_status":"closed","sticky":false,"template":"","format":"standard","meta":{"ngg_post_thumbnail":0},"categories":[1],"tags":[],"_links":{"self":[{"href":"https:\/\/public.kantarpolska.com\/archiwumraportow\/wp-json\/wp\/v2\/posts\/212"}],"collection":[{"href":"https:\/\/public.kantarpolska.com\/archiwumraportow\/wp-json\/wp\/v2\/posts"}],"about":[{"href":"https:\/\/public.kantarpolska.com\/archiwumraportow\/wp-json\/wp\/v2\/types\/post"}],"author":[{"embeddable":true,"href":"https:\/\/public.kantarpolska.com\/archiwumraportow\/wp-json\/wp\/v2\/users\/1"}],"replies":[{"embeddable":true,"href":"https:\/\/public.kantarpolska.com\/archiwumraportow\/wp-json\/wp\/v2\/comments?post=212"}],"version-history":[{"count":0,"href":"https:\/\/public.kantarpolska.com\/archiwumraportow\/wp-json\/wp\/v2\/posts\/212\/revisions"}],"wp:attachment":[{"href":"https:\/\/public.kantarpolska.com\/archiwumraportow\/wp-json\/wp\/v2\/media?parent=212"}],"wp:term":[{"taxonomy":"category","embeddable":true,"href":"https:\/\/public.kantarpolska.com\/archiwumraportow\/wp-json\/wp\/v2\/categories?post=212"},{"taxonomy":"post_tag","embeddable":true,"href":"https:\/\/public.kantarpolska.com\/archiwumraportow\/wp-json\/wp\/v2\/tags?post=212"}],"curies":[{"name":"wp","href":"https:\/\/api.w.org\/{rel}","templated":true}]}}