
{"id":210,"date":"1999-02-08T00:00:00","date_gmt":"1999-02-08T00:00:00","guid":{"rendered":"https:\/\/www.tnsglobal.pl\/archiwumraportow\/1999\/02\/08\/nastroje-strajkowe-polska-w-pierwszej-polowie-lutego-1999-r\/"},"modified":"1999-02-08T00:00:00","modified_gmt":"1999-02-08T00:00:00","slug":"nastroje-strajkowe-polska-w-pierwszej-polowie-lutego-1999-r","status":"publish","type":"post","link":"https:\/\/public.kantarpolska.com\/archiwumraportow\/1999\/02\/08\/nastroje-strajkowe-polska-w-pierwszej-polowie-lutego-1999-r\/","title":{"rendered":"Nastroje strajkowe. Polska w pierwszej po\u0142owie lutego 1999 r."},"content":{"rendered":"<p>w pierwszej po\u0142owie lutego, gdy obok protestuj\u0105cych pracownik\u00f3w s\u0142u\u017cby zdrowia, z protestem wyst\u0119powali rolnicy, przeprowadzili\u015bmy badanie, w kt\u00f3rym zapytali\u015bmy Polak\u00f3w, czy ich zdaniem grozi nam, \u017ce kolejne grupy<!--more--> zawodowe b\u0119d\u0105 podejmowa\u0107 strajki (je\u015bli tak, to jakie), jakie b\u0119d\u0105 skutki tych strajk\u00f3w dla protestuj\u0105cych (czy przyczyni\u0105 si\u0119 one do poprawy po\u0142o\u017cenia tych grup), jak oceniaj\u0105 nastroje panuj\u0105ce w swoim \u015brodowisku zawodowym (pytanie dotyczy\u0142o os\u00f3b pracuj\u0105cych) i czy ewentualne niezadowolenie mog\u0142oby doprowadzi\u0107 do wszcz\u0119cia akcji protestacyjnej.<\/p>\n<div class=\"infopay\">Raport udost\u0119pniany jest bezp\u0142atnie, w us\u0142udze &#8222;udost\u0119pnij aby pobra\u0107&#8221;.<br \/>\n          <b>Na czym to polega?<\/b> Raport b\u0119dzie dost\u0119pny do pobrania w pdf po udost\u0119pnieniu wpisu z linkiem do Archiwum Raport\u00f3w TNS Polska na wybranym serwisie spo\u0142eczno\u015bciowym: Facebooku lub Twitterze.\n          <\/div>\n","protected":false},"excerpt":{"rendered":"<p>w pierwszej po\u0142owie lutego, gdy obok protestuj\u0105cych pracownik\u00f3w s\u0142u\u017cby zdrowia, z protestem wyst\u0119powali rolnicy, przeprowadzili\u015bmy badanie, w kt\u00f3rym zapytali\u015bmy Polak\u00f3w, czy ich zdaniem grozi nam, \u017ce kolejne grupy<\/p>\n","protected":false},"author":1,"featured_media":0,"comment_status":"closed","ping_status":"closed","sticky":false,"template":"","format":"standard","meta":{"ngg_post_thumbnail":0},"categories":[1],"tags":[],"_links":{"self":[{"href":"https:\/\/public.kantarpolska.com\/archiwumraportow\/wp-json\/wp\/v2\/posts\/210"}],"collection":[{"href":"https:\/\/public.kantarpolska.com\/archiwumraportow\/wp-json\/wp\/v2\/posts"}],"about":[{"href":"https:\/\/public.kantarpolska.com\/archiwumraportow\/wp-json\/wp\/v2\/types\/post"}],"author":[{"embeddable":true,"href":"https:\/\/public.kantarpolska.com\/archiwumraportow\/wp-json\/wp\/v2\/users\/1"}],"replies":[{"embeddable":true,"href":"https:\/\/public.kantarpolska.com\/archiwumraportow\/wp-json\/wp\/v2\/comments?post=210"}],"version-history":[{"count":0,"href":"https:\/\/public.kantarpolska.com\/archiwumraportow\/wp-json\/wp\/v2\/posts\/210\/revisions"}],"wp:attachment":[{"href":"https:\/\/public.kantarpolska.com\/archiwumraportow\/wp-json\/wp\/v2\/media?parent=210"}],"wp:term":[{"taxonomy":"category","embeddable":true,"href":"https:\/\/public.kantarpolska.com\/archiwumraportow\/wp-json\/wp\/v2\/categories?post=210"},{"taxonomy":"post_tag","embeddable":true,"href":"https:\/\/public.kantarpolska.com\/archiwumraportow\/wp-json\/wp\/v2\/tags?post=210"}],"curies":[{"name":"wp","href":"https:\/\/api.w.org\/{rel}","templated":true}]}}