
{"id":2085,"date":"2006-05-15T00:00:00","date_gmt":"2006-05-15T00:00:00","guid":{"rendered":"https:\/\/www.tnsglobal.pl\/archiwumraportow\/2006\/05\/15\/polacy-wobec-swojej-historii\/"},"modified":"2006-05-15T00:00:00","modified_gmt":"2006-05-15T00:00:00","slug":"polacy-wobec-swojej-historii","status":"publish","type":"post","link":"https:\/\/public.kantarpolska.com\/archiwumraportow\/2006\/05\/15\/polacy-wobec-swojej-historii\/","title":{"rendered":"Polacy wobec swojej historii"},"content":{"rendered":"<p>W sonda\u017cu TNS OBOP przeprowadzonym w po\u0142owie maja 2006 r. zapytano o to, jak Polacy widz\u0105 siebie jako nar\u00f3d, tj. byt spo\u0142eczny, kt\u00f3ry ma swoj\u0105 histori\u0119, chwil\u0119 bie\u017c\u0105c\u0105<!--more--> i przysz\u0142o\u015b\u0107. Problem ten nie jest ca\u0142kiem oderwany od polityki bie\u017c\u0105cej, gdy\u017c miesi\u0105ce, czy nawet lata poprzedzaj\u0105ce badanie przynios\u0142y powr\u00f3t dyskusji o to\u017csamo\u015bci narodowej Polak\u00f3w, wi\u0119zi i dziedzictwie narodowym, polityce historycznej. Niemniej jednak jest to problem rzadko badany w sonda\u017cach opinii i cho\u0107by z tego powodu jest interesuj\u0105cy. Okaza\u0142o si\u0119, \u017ce jest on interesuj\u0105cy tak\u017ce ze wzgl\u0119du na uzyskane wyniki, kt\u00f3re zaprezentowane s\u0105 w komunikacie.<\/p>\n<div class=\"infopay\">Raport udost\u0119pniany jest bezp\u0142atnie, w us\u0142udze &#8222;udost\u0119pnij aby pobra\u0107&#8221;.<br \/>\n          <b>Na czym to polega?<\/b> Raport b\u0119dzie dost\u0119pny do pobrania w pdf po udost\u0119pnieniu wpisu z linkiem do Archiwum Raport\u00f3w TNS Polska na wybranym serwisie spo\u0142eczno\u015bciowym: Facebooku lub Twitterze.\n          <\/div>\n","protected":false},"excerpt":{"rendered":"<p>W sonda\u017cu TNS OBOP przeprowadzonym w po\u0142owie maja 2006 r. zapytano o to, jak Polacy widz\u0105 siebie jako nar\u00f3d, tj. byt spo\u0142eczny, kt\u00f3ry ma swoj\u0105 histori\u0119, chwil\u0119 bie\u017c\u0105c\u0105<\/p>\n","protected":false},"author":1,"featured_media":0,"comment_status":"closed","ping_status":"closed","sticky":false,"template":"","format":"standard","meta":{"ngg_post_thumbnail":0},"categories":[1],"tags":[],"_links":{"self":[{"href":"https:\/\/public.kantarpolska.com\/archiwumraportow\/wp-json\/wp\/v2\/posts\/2085"}],"collection":[{"href":"https:\/\/public.kantarpolska.com\/archiwumraportow\/wp-json\/wp\/v2\/posts"}],"about":[{"href":"https:\/\/public.kantarpolska.com\/archiwumraportow\/wp-json\/wp\/v2\/types\/post"}],"author":[{"embeddable":true,"href":"https:\/\/public.kantarpolska.com\/archiwumraportow\/wp-json\/wp\/v2\/users\/1"}],"replies":[{"embeddable":true,"href":"https:\/\/public.kantarpolska.com\/archiwumraportow\/wp-json\/wp\/v2\/comments?post=2085"}],"version-history":[{"count":0,"href":"https:\/\/public.kantarpolska.com\/archiwumraportow\/wp-json\/wp\/v2\/posts\/2085\/revisions"}],"wp:attachment":[{"href":"https:\/\/public.kantarpolska.com\/archiwumraportow\/wp-json\/wp\/v2\/media?parent=2085"}],"wp:term":[{"taxonomy":"category","embeddable":true,"href":"https:\/\/public.kantarpolska.com\/archiwumraportow\/wp-json\/wp\/v2\/categories?post=2085"},{"taxonomy":"post_tag","embeddable":true,"href":"https:\/\/public.kantarpolska.com\/archiwumraportow\/wp-json\/wp\/v2\/tags?post=2085"}],"curies":[{"name":"wp","href":"https:\/\/api.w.org\/{rel}","templated":true}]}}