
{"id":208,"date":"1999-02-08T00:00:00","date_gmt":"1999-02-08T00:00:00","guid":{"rendered":"https:\/\/www.tnsglobal.pl\/archiwumraportow\/1999\/02\/08\/tlo-protestow-chlopskich\/"},"modified":"1999-02-08T00:00:00","modified_gmt":"1999-02-08T00:00:00","slug":"tlo-protestow-chlopskich","status":"publish","type":"post","link":"https:\/\/public.kantarpolska.com\/archiwumraportow\/1999\/02\/08\/tlo-protestow-chlopskich\/","title":{"rendered":"T\u0142o protest\u00f3w ch\u0142opskich"},"content":{"rendered":"<p>w dniach 6-8 lutego 1999 r. &#8211; w szczytowej fazie protest\u00f3w, OBOP zrealizowa\u0142 og\u00f3lnopolskie badanie nad spo\u0142ecznym postrzeganiem protest\u00f3w i ich t\u0142a. Poprzednie raporty OBOP na temat protest\u00f3w ch\u0142opskich<!--more--> dotyczy\u0142y poparcia dla protest\u00f3w, oceny postaci Andrzeja Leppera i stosunku do rozwa\u017canych sankcji wobec blokuj\u0105cych drogi. Tym razem postanowili\u015bmy oderwa\u0107 si\u0119 od spraw bie\u017c\u0105cych i si\u0119gn\u0105\u0107 w g\u0142\u0105b opinii publicznej, by spr\u00f3bowa\u0107 ustali\u0107 jakie s\u0105 wyobra\u017cenia i opinie spo\u0142ecze\u0144stwa na temat og\u00f3lnej sytuacji na wsi i w rolnictwie. Poniewa\u017c s\u0105 to tak\u017ce pogl\u0105dy samych rolnik\u00f3w, raport ten rzuca \u015bwiat\u0142o na spo\u0142eczne przyczyny protest\u00f3w.<\/p>\n<div class=\"infopay\">Raport udost\u0119pniany jest bezp\u0142atnie, w us\u0142udze &#8222;udost\u0119pnij aby pobra\u0107&#8221;.<br \/>\n          <b>Na czym to polega?<\/b> Raport b\u0119dzie dost\u0119pny do pobrania w pdf po udost\u0119pnieniu wpisu z linkiem do Archiwum Raport\u00f3w TNS Polska na wybranym serwisie spo\u0142eczno\u015bciowym: Facebooku lub Twitterze.\n          <\/div>\n","protected":false},"excerpt":{"rendered":"<p>w dniach 6-8 lutego 1999 r. &#8211; w szczytowej fazie protest\u00f3w, OBOP zrealizowa\u0142 og\u00f3lnopolskie badanie nad spo\u0142ecznym postrzeganiem protest\u00f3w i ich t\u0142a. Poprzednie raporty OBOP na temat protest\u00f3w ch\u0142opskich<\/p>\n","protected":false},"author":1,"featured_media":0,"comment_status":"closed","ping_status":"closed","sticky":false,"template":"","format":"standard","meta":{"ngg_post_thumbnail":0},"categories":[1],"tags":[],"_links":{"self":[{"href":"https:\/\/public.kantarpolska.com\/archiwumraportow\/wp-json\/wp\/v2\/posts\/208"}],"collection":[{"href":"https:\/\/public.kantarpolska.com\/archiwumraportow\/wp-json\/wp\/v2\/posts"}],"about":[{"href":"https:\/\/public.kantarpolska.com\/archiwumraportow\/wp-json\/wp\/v2\/types\/post"}],"author":[{"embeddable":true,"href":"https:\/\/public.kantarpolska.com\/archiwumraportow\/wp-json\/wp\/v2\/users\/1"}],"replies":[{"embeddable":true,"href":"https:\/\/public.kantarpolska.com\/archiwumraportow\/wp-json\/wp\/v2\/comments?post=208"}],"version-history":[{"count":0,"href":"https:\/\/public.kantarpolska.com\/archiwumraportow\/wp-json\/wp\/v2\/posts\/208\/revisions"}],"wp:attachment":[{"href":"https:\/\/public.kantarpolska.com\/archiwumraportow\/wp-json\/wp\/v2\/media?parent=208"}],"wp:term":[{"taxonomy":"category","embeddable":true,"href":"https:\/\/public.kantarpolska.com\/archiwumraportow\/wp-json\/wp\/v2\/categories?post=208"},{"taxonomy":"post_tag","embeddable":true,"href":"https:\/\/public.kantarpolska.com\/archiwumraportow\/wp-json\/wp\/v2\/tags?post=208"}],"curies":[{"name":"wp","href":"https:\/\/api.w.org\/{rel}","templated":true}]}}