
{"id":207,"date":"2000-01-31T00:00:00","date_gmt":"2000-01-31T00:00:00","guid":{"rendered":"https:\/\/www.tnsglobal.pl\/archiwumraportow\/2000\/01\/31\/oswiecim-przeszlosc-a-terazniejszosc-w-opiniach-polakow\/"},"modified":"2000-01-31T00:00:00","modified_gmt":"2000-01-31T00:00:00","slug":"oswiecim-przeszlosc-a-terazniejszosc-w-opiniach-polakow","status":"publish","type":"post","link":"https:\/\/public.kantarpolska.com\/archiwumraportow\/2000\/01\/31\/oswiecim-przeszlosc-a-terazniejszosc-w-opiniach-polakow\/","title":{"rendered":"O\u015bwi\u0119cim &#8211; przesz\u0142o\u015b\u0107 a tera\u017aniejszo\u015b\u0107 w opiniach Polak\u00f3w"},"content":{"rendered":"<p>27 stycznia br. min\u0119\u0142a 55 rocznica wyzwolenia obozu koncentracyjnego w O\u015bwi\u0119cimiu. W zwi\u0105zku z tym wydarzeniem OBOP przeprowadzi\u0142 na zlecenie dr Marka Kuci z Uniwersytetu Jagiello\u0144skiego<!--more--> dwa badania: jedno z nich zrealizowano tydzie\u0144 przed, a drugie &#8211; tu\u017c po obchodach rocznicy oswobodzenia obozu KL Auschwitz.. Mia\u0142y one na celu zweryfikowanie stanu wiedzy spo\u0142ecze\u0144stwa polskiego na temat fakt\u00f3w historycznych, postrzeganego miejsca obozu o\u015bwi\u0119cimskiego w historii II wojny \u015bwiatowej oraz postaw wobec kontrowersyjnych koncepcji zagospodarowania terenu wok\u00f3\u0142 by\u0142ego obozu.<\/p>\n<div class=\"infopay\">Raport udost\u0119pniany jest bezp\u0142atnie, w us\u0142udze &#8222;udost\u0119pnij aby pobra\u0107&#8221;.<br \/>\n          <b>Na czym to polega?<\/b> Raport b\u0119dzie dost\u0119pny do pobrania w pdf po udost\u0119pnieniu wpisu z linkiem do Archiwum Raport\u00f3w TNS Polska na wybranym serwisie spo\u0142eczno\u015bciowym: Facebooku lub Twitterze.\n          <\/div>\n","protected":false},"excerpt":{"rendered":"<p>27 stycznia br. min\u0119\u0142a 55 rocznica wyzwolenia obozu koncentracyjnego w O\u015bwi\u0119cimiu. W zwi\u0105zku z tym wydarzeniem OBOP przeprowadzi\u0142 na zlecenie dr Marka Kuci z Uniwersytetu Jagiello\u0144skiego<\/p>\n","protected":false},"author":1,"featured_media":0,"comment_status":"closed","ping_status":"closed","sticky":false,"template":"","format":"standard","meta":{"ngg_post_thumbnail":0},"categories":[1],"tags":[],"_links":{"self":[{"href":"https:\/\/public.kantarpolska.com\/archiwumraportow\/wp-json\/wp\/v2\/posts\/207"}],"collection":[{"href":"https:\/\/public.kantarpolska.com\/archiwumraportow\/wp-json\/wp\/v2\/posts"}],"about":[{"href":"https:\/\/public.kantarpolska.com\/archiwumraportow\/wp-json\/wp\/v2\/types\/post"}],"author":[{"embeddable":true,"href":"https:\/\/public.kantarpolska.com\/archiwumraportow\/wp-json\/wp\/v2\/users\/1"}],"replies":[{"embeddable":true,"href":"https:\/\/public.kantarpolska.com\/archiwumraportow\/wp-json\/wp\/v2\/comments?post=207"}],"version-history":[{"count":0,"href":"https:\/\/public.kantarpolska.com\/archiwumraportow\/wp-json\/wp\/v2\/posts\/207\/revisions"}],"wp:attachment":[{"href":"https:\/\/public.kantarpolska.com\/archiwumraportow\/wp-json\/wp\/v2\/media?parent=207"}],"wp:term":[{"taxonomy":"category","embeddable":true,"href":"https:\/\/public.kantarpolska.com\/archiwumraportow\/wp-json\/wp\/v2\/categories?post=207"},{"taxonomy":"post_tag","embeddable":true,"href":"https:\/\/public.kantarpolska.com\/archiwumraportow\/wp-json\/wp\/v2\/tags?post=207"}],"curies":[{"name":"wp","href":"https:\/\/api.w.org\/{rel}","templated":true}]}}