
{"id":206,"date":"1999-02-08T00:00:00","date_gmt":"1999-02-08T00:00:00","guid":{"rendered":"https:\/\/www.tnsglobal.pl\/archiwumraportow\/1999\/02\/08\/polacy-o-nato-i-bezpieczenstwo-kraju\/"},"modified":"1999-02-08T00:00:00","modified_gmt":"1999-02-08T00:00:00","slug":"polacy-o-nato-i-bezpieczenstwo-kraju","status":"publish","type":"post","link":"https:\/\/public.kantarpolska.com\/archiwumraportow\/1999\/02\/08\/polacy-o-nato-i-bezpieczenstwo-kraju\/","title":{"rendered":"Polacy o NATO i bezpiecze\u0144stwo kraju"},"content":{"rendered":"<p>Przeprowadzony w pierwszym tygodniu lutego sonda\u017c, na miesi\u0105c przed przyst\u0105pieniem Polski do Sojuszu P\u00f3\u0142nocnoatlantyckiego, ukazuje stopie\u0144 poparcia naszego spo\u0142ecze\u0144stwa dla cz\u0142onkostwa w NATO, a tak\u017ce<!--more--> opinie o tym, czy w ci\u0105gu najbli\u017cszych lat Polska mo\u017ce mie\u0107 poczucie bezpiecze\u0144stwa i co ewentualnie mo\u017ce sta\u0107 si\u0119 \u017ar\u00f3d\u0142em wi\u0119kszego zagro\u017cenia.<\/p>\n<div class=\"infopay\">Raport udost\u0119pniany jest bezp\u0142atnie, w us\u0142udze &#8222;udost\u0119pnij aby pobra\u0107&#8221;.<br \/>\n          <b>Na czym to polega?<\/b> Raport b\u0119dzie dost\u0119pny do pobrania w pdf po udost\u0119pnieniu wpisu z linkiem do Archiwum Raport\u00f3w TNS Polska na wybranym serwisie spo\u0142eczno\u015bciowym: Facebooku lub Twitterze.\n          <\/div>\n","protected":false},"excerpt":{"rendered":"<p>Przeprowadzony w pierwszym tygodniu lutego sonda\u017c, na miesi\u0105c przed przyst\u0105pieniem Polski do Sojuszu P\u00f3\u0142nocnoatlantyckiego, ukazuje stopie\u0144 poparcia naszego spo\u0142ecze\u0144stwa dla cz\u0142onkostwa w NATO, a tak\u017ce<\/p>\n","protected":false},"author":1,"featured_media":0,"comment_status":"closed","ping_status":"closed","sticky":false,"template":"","format":"standard","meta":{"ngg_post_thumbnail":0},"categories":[1],"tags":[],"_links":{"self":[{"href":"https:\/\/public.kantarpolska.com\/archiwumraportow\/wp-json\/wp\/v2\/posts\/206"}],"collection":[{"href":"https:\/\/public.kantarpolska.com\/archiwumraportow\/wp-json\/wp\/v2\/posts"}],"about":[{"href":"https:\/\/public.kantarpolska.com\/archiwumraportow\/wp-json\/wp\/v2\/types\/post"}],"author":[{"embeddable":true,"href":"https:\/\/public.kantarpolska.com\/archiwumraportow\/wp-json\/wp\/v2\/users\/1"}],"replies":[{"embeddable":true,"href":"https:\/\/public.kantarpolska.com\/archiwumraportow\/wp-json\/wp\/v2\/comments?post=206"}],"version-history":[{"count":0,"href":"https:\/\/public.kantarpolska.com\/archiwumraportow\/wp-json\/wp\/v2\/posts\/206\/revisions"}],"wp:attachment":[{"href":"https:\/\/public.kantarpolska.com\/archiwumraportow\/wp-json\/wp\/v2\/media?parent=206"}],"wp:term":[{"taxonomy":"category","embeddable":true,"href":"https:\/\/public.kantarpolska.com\/archiwumraportow\/wp-json\/wp\/v2\/categories?post=206"},{"taxonomy":"post_tag","embeddable":true,"href":"https:\/\/public.kantarpolska.com\/archiwumraportow\/wp-json\/wp\/v2\/tags?post=206"}],"curies":[{"name":"wp","href":"https:\/\/api.w.org\/{rel}","templated":true}]}}