
{"id":204,"date":"1999-02-08T00:00:00","date_gmt":"1999-02-08T00:00:00","guid":{"rendered":"https:\/\/www.tnsglobal.pl\/archiwumraportow\/1999\/02\/08\/nastroje-spoleczne-w-lutym-1999-r\/"},"modified":"1999-02-08T00:00:00","modified_gmt":"1999-02-08T00:00:00","slug":"nastroje-spoleczne-w-lutym-1999-r","status":"publish","type":"post","link":"https:\/\/public.kantarpolska.com\/archiwumraportow\/1999\/02\/08\/nastroje-spoleczne-w-lutym-1999-r\/","title":{"rendered":"Nastroje spo\u0142eczne w lutym 1999 r."},"content":{"rendered":"<p>W pierwszej po\u0142owie lutego OBOP po raz kolejny zapyta\u0142 Polak\u00f3w o kierunek biegu spraw w kraju, ocen\u0119 aktualnej sytuacji gospodarczej oraz prognoz\u0119 materialnych warunk\u00f3w \u017cycia ludno\u015bci<!--more--> w ci\u0105gu najbli\u017cszych 3 lat. W zwi\u0105zku z protestami rolnik\u00f3w postanowili\u015bmy dok\u0142adniej przyjrze\u0107 si\u0119 tej grupie spo\u0142ecznej. W komunikacie zaprezentowano wi\u0119c nie tylko dane naj\u015bwie\u017csze, ale sprawdzili\u015bmy r\u00f3wnie\u017c jak kszta\u0142towa\u0142y si\u0119 nastroju w ci\u0105gu ostatnich czterech lat &#8211; zar\u00f3wno w\u015br\u00f3d og\u00f3\u0142u spo\u0142ecze\u0144stwa jak i w grupie rolnik\u00f3w. <\/p>\n<div class=\"infopay\">Raport udost\u0119pniany jest bezp\u0142atnie, w us\u0142udze &#8222;udost\u0119pnij aby pobra\u0107&#8221;.<br \/>\n          <b>Na czym to polega?<\/b> Raport b\u0119dzie dost\u0119pny do pobrania w pdf po udost\u0119pnieniu wpisu z linkiem do Archiwum Raport\u00f3w TNS Polska na wybranym serwisie spo\u0142eczno\u015bciowym: Facebooku lub Twitterze.\n          <\/div>\n","protected":false},"excerpt":{"rendered":"<p>W pierwszej po\u0142owie lutego OBOP po raz kolejny zapyta\u0142 Polak\u00f3w o kierunek biegu spraw w kraju, ocen\u0119 aktualnej sytuacji gospodarczej oraz prognoz\u0119 materialnych warunk\u00f3w \u017cycia ludno\u015bci<\/p>\n","protected":false},"author":1,"featured_media":0,"comment_status":"closed","ping_status":"closed","sticky":false,"template":"","format":"standard","meta":{"ngg_post_thumbnail":0},"categories":[1],"tags":[],"_links":{"self":[{"href":"https:\/\/public.kantarpolska.com\/archiwumraportow\/wp-json\/wp\/v2\/posts\/204"}],"collection":[{"href":"https:\/\/public.kantarpolska.com\/archiwumraportow\/wp-json\/wp\/v2\/posts"}],"about":[{"href":"https:\/\/public.kantarpolska.com\/archiwumraportow\/wp-json\/wp\/v2\/types\/post"}],"author":[{"embeddable":true,"href":"https:\/\/public.kantarpolska.com\/archiwumraportow\/wp-json\/wp\/v2\/users\/1"}],"replies":[{"embeddable":true,"href":"https:\/\/public.kantarpolska.com\/archiwumraportow\/wp-json\/wp\/v2\/comments?post=204"}],"version-history":[{"count":0,"href":"https:\/\/public.kantarpolska.com\/archiwumraportow\/wp-json\/wp\/v2\/posts\/204\/revisions"}],"wp:attachment":[{"href":"https:\/\/public.kantarpolska.com\/archiwumraportow\/wp-json\/wp\/v2\/media?parent=204"}],"wp:term":[{"taxonomy":"category","embeddable":true,"href":"https:\/\/public.kantarpolska.com\/archiwumraportow\/wp-json\/wp\/v2\/categories?post=204"},{"taxonomy":"post_tag","embeddable":true,"href":"https:\/\/public.kantarpolska.com\/archiwumraportow\/wp-json\/wp\/v2\/tags?post=204"}],"curies":[{"name":"wp","href":"https:\/\/api.w.org\/{rel}","templated":true}]}}