
{"id":202,"date":"1999-02-08T00:00:00","date_gmt":"1999-02-08T00:00:00","guid":{"rendered":"https:\/\/www.tnsglobal.pl\/archiwumraportow\/1999\/02\/08\/andrzej-lepper-i-protesty-rolnikow-w-programach-tvp-s-a\/"},"modified":"1999-02-08T00:00:00","modified_gmt":"1999-02-08T00:00:00","slug":"andrzej-lepper-i-protesty-rolnikow-w-programach-tvp-s-a","status":"publish","type":"post","link":"https:\/\/public.kantarpolska.com\/archiwumraportow\/1999\/02\/08\/andrzej-lepper-i-protesty-rolnikow-w-programach-tvp-s-a\/","title":{"rendered":"Andrzej Lepper i protesty rolnik\u00f3w w programach TVP S.A."},"content":{"rendered":"<p>Przeprowadzony na pocz\u0105tku lutego sonda\u017c dotyczy spo\u0142ecznego odbioru nadawanych przez Telewizj\u0119 Polsk\u0105 relacji z protest\u00f3w rolnik\u00f3w. Komunikat przedstawia oceny czy relacje te by\u0142y wystarczaj\u0105ce, czy TVP obiektywnie informowa\u0142a<!--more--> o tych protestach i negocjacjach rolnik\u00f3w z rz\u0105dem, czy w prawdziwy spos\u00f3b pokazuje sytuacj\u0119 na wsi. Zapytali\u015bmy r\u00f3wnie\u017c Polak\u00f3w o ich ocen\u0119 sposobu ukazywania przez telewizj\u0119 publiczn\u0105 Andrzeja Leppera oraz o to czy nadawca ten powinien przychyli\u0107 si\u0119 do wysuwanych przez niego \u017c\u0105da\u0144 wyst\u0105pienia w specjalnym programie i przedstawienia spo\u0142ecze\u0144stwu swoich racji. W opracowaniu wynik\u00f3w sonda\u017cu mo\u017cna r\u00f3wnie\u017c znale\u017a\u0107 odpowied\u017a na pytanie o to, czy zdaniem naszego spo\u0142ecze\u0144stwa Andrzej Lepper dobrze czy wyra\u017ca on potrzeby i pragnienia rolnik\u00f3w oraz czy dobrze s\u0142u\u017cy sprawom wsi.<\/p>\n<div class=\"infopay\">Raport udost\u0119pniany jest bezp\u0142atnie, w us\u0142udze &#8222;udost\u0119pnij aby pobra\u0107&#8221;.<br \/>\n          <b>Na czym to polega?<\/b> Raport b\u0119dzie dost\u0119pny do pobrania w pdf po udost\u0119pnieniu wpisu z linkiem do Archiwum Raport\u00f3w TNS Polska na wybranym serwisie spo\u0142eczno\u015bciowym: Facebooku lub Twitterze.\n          <\/div>\n","protected":false},"excerpt":{"rendered":"<p>Przeprowadzony na pocz\u0105tku lutego sonda\u017c dotyczy spo\u0142ecznego odbioru nadawanych przez Telewizj\u0119 Polsk\u0105 relacji z protest\u00f3w rolnik\u00f3w. Komunikat przedstawia oceny czy relacje te by\u0142y wystarczaj\u0105ce, czy TVP obiektywnie informowa\u0142a<\/p>\n","protected":false},"author":1,"featured_media":0,"comment_status":"closed","ping_status":"closed","sticky":false,"template":"","format":"standard","meta":{"ngg_post_thumbnail":0},"categories":[1],"tags":[],"_links":{"self":[{"href":"https:\/\/public.kantarpolska.com\/archiwumraportow\/wp-json\/wp\/v2\/posts\/202"}],"collection":[{"href":"https:\/\/public.kantarpolska.com\/archiwumraportow\/wp-json\/wp\/v2\/posts"}],"about":[{"href":"https:\/\/public.kantarpolska.com\/archiwumraportow\/wp-json\/wp\/v2\/types\/post"}],"author":[{"embeddable":true,"href":"https:\/\/public.kantarpolska.com\/archiwumraportow\/wp-json\/wp\/v2\/users\/1"}],"replies":[{"embeddable":true,"href":"https:\/\/public.kantarpolska.com\/archiwumraportow\/wp-json\/wp\/v2\/comments?post=202"}],"version-history":[{"count":0,"href":"https:\/\/public.kantarpolska.com\/archiwumraportow\/wp-json\/wp\/v2\/posts\/202\/revisions"}],"wp:attachment":[{"href":"https:\/\/public.kantarpolska.com\/archiwumraportow\/wp-json\/wp\/v2\/media?parent=202"}],"wp:term":[{"taxonomy":"category","embeddable":true,"href":"https:\/\/public.kantarpolska.com\/archiwumraportow\/wp-json\/wp\/v2\/categories?post=202"},{"taxonomy":"post_tag","embeddable":true,"href":"https:\/\/public.kantarpolska.com\/archiwumraportow\/wp-json\/wp\/v2\/tags?post=202"}],"curies":[{"name":"wp","href":"https:\/\/api.w.org\/{rel}","templated":true}]}}